{"id":54750,"date":"2025-03-20T11:59:59","date_gmt":"2025-03-20T10:59:59","guid":{"rendered":"https:\/\/www.lesgets.com\/?post_type=actualite&#038;p=54750"},"modified":"2025-03-20T14:37:36","modified_gmt":"2025-03-20T13:37:36","slug":"its-official-the-mtb-world-cup-is-back-in-les-gets-in-2025","status":"publish","type":"actualite","link":"https:\/\/www.lesgets.com\/en\/actualite\/its-official-the-mtb-world-cup-is-back-in-les-gets-in-2025\/","title":{"rendered":"It&#8217;s official: the MTB World Cup is back in Les Gets in 2025!"},"content":{"rendered":"<div class=\"block block-core-heading\">\n<h2 class=\"wp-block-heading\">Rendez-vous du <strong>28 au 31 ao\u00fbt 2025<\/strong> <\/h2>\n<\/div><div class=\"block block-genesis-blocks-gb-spacer\">\n<div style=\"color:#ddd\" class=\"wp-block-genesis-blocks-gb-spacer gb-block-spacer gb-divider-solid gb-divider-size-1\"><hr style=\"height:30px\"\/><\/div>\n<\/div><div class=\"block block-core-paragraph\">\n<p>L\u2019Union Cycliste Internationale (<a href=\"https:\/\/fr.uci.org\/\" target=\"_blank\" rel=\"noreferrer noopener\">UCI<\/a>), en partenariat avec <a href=\"https:\/\/wbdsports.com\/\" target=\"_blank\" rel=\"noreferrer noopener\">Warner Bros Discovery Sports<\/a> et le <a href=\"https:\/\/hautesavoie.fr\/\" target=\"_blank\" rel=\"noreferrer noopener\">D\u00e9partement de la Haute-Savoie<\/a> ont s\u00e9lectionn\u00e9 Les Gets pour accueillir cette nouvelle \u00e9dition des <a href=\"https:\/\/ucimtbworldseries.com\/\" target=\"_blank\" rel=\"noreferrer noopener\">WHOOP UCI Mountain Bike World Series<\/a>.<\/p>\n<\/div><div class=\"block block-genesis-blocks-gb-spacer\">\n<div style=\"color:#ddd\" class=\"wp-block-genesis-blocks-gb-spacer gb-block-spacer gb-divider-solid gb-divider-size-1\"><hr style=\"height:30px\"\/><\/div>\n<\/div>\n<figure class=\"wp-block-image size-full\"><img loading=\"lazy\" decoding=\"async\" width=\"2560\" height=\"1920\" src=\"https:\/\/www.lesgets.com\/wp\/..\/app\/uploads\/2025\/03\/WCLG24_SPORT_XCO_AGIR-134-scaled.jpg\" alt=\"\" class=\"wp-image-54741\" srcset=\"https:\/\/www.lesgets.com\/wp\/..\/app\/uploads\/2025\/03\/WCLG24_SPORT_XCO_AGIR-134-scaled.jpg 2560w, https:\/\/www.lesgets.com\/wp\/..\/app\/uploads\/2025\/03\/WCLG24_SPORT_XCO_AGIR-134-768x576.jpg 768w, https:\/\/www.lesgets.com\/wp\/..\/app\/uploads\/2025\/03\/WCLG24_SPORT_XCO_AGIR-134-1536x1152.jpg 1536w, https:\/\/www.lesgets.com\/wp\/..\/app\/uploads\/2025\/03\/WCLG24_SPORT_XCO_AGIR-134-2048x1536.jpg 2048w, https:\/\/www.lesgets.com\/wp\/..\/app\/uploads\/2025\/03\/WCLG24_SPORT_XCO_AGIR-134-960x720.jpg 960w\" sizes=\"auto, (max-width: 2560px) 100vw, 2560px\" \/><\/figure>\n<div class=\"block block-genesis-blocks-gb-spacer\">\n<div style=\"color:#ddd\" class=\"wp-block-genesis-blocks-gb-spacer gb-block-spacer gb-divider-solid gb-divider-size-1\"><hr style=\"height:30px\"\/><\/div>\n<\/div><div class=\"block block-genesis-custom-blocks-surtitre\"><span class=\"subtitle\">Plus de 30 ans de comp\u00e9tition&#8230;<\/span><\/div><div class=\"block block-core-heading\">\n<h2 class=\"wp-block-heading\">Les Gets, un incontournable du <strong>VTT<\/strong><\/h2>\n<\/div><div class=\"block block-core-paragraph\">\n<p>Les Gets est sans nul doute la station incontournable du domaine de VTT des Portes du Soleil. Forte de son exp\u00e9rience dans l\u2019organisation de comp\u00e9titions internationales de VTT depuis 30 ans, elle est fi\u00e8re d&#8217;\u00eatre une nouvelle fois choisi pour accueillir les manches de Coupe du Monde UCI. Retrouvez les \u00e9preuves de Cross-Country Short Track (XCC), Cross-Country Olympique (XCO) et Descente (DHI). Ces \u00e9preuves se d\u00e9rouleront du 28 au 31 ao\u00fbt 2025.<\/p>\n<\/div><div class=\"block block-core-buttons\">\n<div class=\"wp-block-buttons is-content-justification-center is-layout-flex wp-container-core-buttons-is-layout-16018d1d wp-block-buttons-is-layout-flex\"><div class=\"block block-core-button\">\n<div class=\"wp-block-button\"><a class=\"wp-block-button__link wp-element-button\" href=\"https:\/\/www.lesgets.com\/en\/discover-the-resort\/bike\/\">Bikepark Les Gets<\/a><\/div>\n<\/div><\/div>\n<\/div><div class=\"block block-genesis-blocks-gb-spacer\">\n<div style=\"color:#ddd\" class=\"wp-block-genesis-blocks-gb-spacer gb-block-spacer gb-divider-solid gb-divider-size-1\"><hr style=\"height:30px\"\/><\/div>\n<\/div><div class=\"block block-genesis-custom-blocks-surtitre\"><span class=\"subtitle\">Une fin d\u2019\u00e9t\u00e9 inoubliable !<\/span><\/div><div class=\"block block-core-heading\">\n<h2 class=\"wp-block-heading\">Quatre jours <strong>100%<\/strong> v\u00e9lo<\/h2>\n<\/div><div class=\"block block-core-paragraph\">\n<p>Depuis 1992, Les Gets est devenue un lieu in\u00e9vitable pour les passionn\u00e9s de VTT. Elle gagne sa r\u00e9putation notamment gr\u00e2ce \u00e0 l\u2019accueil d\u2019\u00e9v\u00e9nements internationaux et des comp\u00e9titions d\u2019exception. Cette ann\u00e9e, du 28 au 31 ao\u00fbt 2025, les meilleurs pilotes du monde se retrouveront sur les pentes l\u00e9gendaires de la station pour disputer des courses palpitantes en Descente et en Cross-country.\u00a0<\/p>\n<\/div><div class=\"block block-genesis-blocks-gb-spacer\">\n<div style=\"color:#ddd\" class=\"wp-block-genesis-blocks-gb-spacer gb-block-spacer gb-divider-solid gb-divider-size-1\"><hr style=\"height:30px\"\/><\/div>\n<\/div>\n<figure class=\"wp-block-image size-full\"><img loading=\"lazy\" decoding=\"async\" width=\"2560\" height=\"1920\" src=\"https:\/\/www.lesgets.com\/wp\/..\/app\/uploads\/2025\/03\/WCLG24_SPORT_DH_AGIR-97-scaled.jpg\" alt=\"\" class=\"wp-image-54744\" srcset=\"https:\/\/www.lesgets.com\/wp\/..\/app\/uploads\/2025\/03\/WCLG24_SPORT_DH_AGIR-97-scaled.jpg 2560w, https:\/\/www.lesgets.com\/wp\/..\/app\/uploads\/2025\/03\/WCLG24_SPORT_DH_AGIR-97-768x576.jpg 768w, https:\/\/www.lesgets.com\/wp\/..\/app\/uploads\/2025\/03\/WCLG24_SPORT_DH_AGIR-97-1536x1152.jpg 1536w, https:\/\/www.lesgets.com\/wp\/..\/app\/uploads\/2025\/03\/WCLG24_SPORT_DH_AGIR-97-2048x1536.jpg 2048w, https:\/\/www.lesgets.com\/wp\/..\/app\/uploads\/2025\/03\/WCLG24_SPORT_DH_AGIR-97-960x720.jpg 960w\" sizes=\"auto, (max-width: 2560px) 100vw, 2560px\" \/><\/figure>\n<div class=\"block block-genesis-blocks-gb-spacer\">\n<div style=\"color:#ddd\" class=\"wp-block-genesis-blocks-gb-spacer gb-block-spacer gb-divider-solid gb-divider-size-1\"><hr style=\"height:30px\"\/><\/div>\n<\/div><div class=\"block block-genesis-custom-blocks-surtitre\"><span class=\"subtitle\">Un \u00e9v\u00e9nement sportif et familial.<\/span><\/div><div class=\"block block-core-heading\">\n<h2 class=\"wp-block-heading\">Des animations pour <strong>tous<\/strong><\/h2>\n<\/div><div class=\"block block-core-paragraph\">\n<p>En plus des comp\u00e9titions de classe mondiale, le village des Gets se transformera en un v\u00e9ritable centre n\u00e9vralgique du VTT. Avec des animations pour toute la famille et des stands d\u00e9di\u00e9s aux passionn\u00e9s de v\u00e9lo, vous pourrez testez les derniers mod\u00e8les de v\u00e9los. Profitez \u00e9galement d\u2019une ambiance festive et chaleureuse dans le village. Des activit\u00e9s et animations pour tous les \u00e2ges, des d\u00e9monstrations autour du v\u00e9lo, des stands des meilleures marques\u2026<\/p>\n<\/div><div class=\"block block-core-paragraph\">\n<p>Ne manquez pas cette occasion unique de vivre l\u2019excitation d\u2019une comp\u00e9tition de classe mondiale dans un cadre naturel exceptionnel. Que vous soyez un fan de VTT chevronn\u00e9, un spectateur en qu\u00eate de sensations fortes ou une famille, les Gets sera l\u2019endroit id\u00e9al pour passer quatre jours inoubliables.<\/p>\n<\/div><div class=\"block block-genesis-blocks-gb-spacer\">\n<div style=\"color:#ddd\" class=\"wp-block-genesis-blocks-gb-spacer gb-block-spacer gb-divider-solid gb-divider-size-1\"><hr style=\"height:30px\"\/><\/div>\n<\/div><div class=\"block block-core-buttons\">\n<div class=\"wp-block-buttons is-content-justification-center is-layout-flex wp-container-core-buttons-is-layout-16018d1d wp-block-buttons-is-layout-flex\"><div class=\"block block-core-button\">\n<div class=\"wp-block-button\"><a class=\"wp-block-button__link wp-element-button\" href=\"https:\/\/www.lesgets.com\/en\/blogs\/bike-en\/\">Les r\u00e9sum\u00e9s 2024<\/a><\/div>\n<\/div><\/div>\n<\/div><div class=\"block block-genesis-blocks-gb-spacer\">\n<div style=\"color:#ddd\" class=\"wp-block-genesis-blocks-gb-spacer gb-block-spacer gb-divider-solid gb-divider-size-1\"><hr style=\"height:30px\"\/><\/div>\n<\/div><div class=\"block block-core-paragraph\">\n<p>Inscrivez-vous \u00e0 notre <strong>newsletter<\/strong> Les Gets Tourisme pour ne rien manquer au sujet de la Coupe du Monde !<\/p>\n<\/div>","protected":false},"excerpt":{"rendered":"<p>It&#8217;s official: the MTB World Cup is back in Les Gets in 2025! Join us for four days of sport and entertainment!<\/p>\n","protected":false},"featured_media":54749,"template":"","categorie_actualite":[135],"class_list":["post-54750","actualite","type-actualite","status-publish","has-post-thumbnail","hentry","categorie_actualite-bike-en"],"acf":[],"yoast_head":"<!-- This site is optimized with the Yoast SEO plugin v27.3 - https:\/\/yoast.com\/product\/yoast-seo-wordpress\/ -->\n<title>MTB World Cup is back in Les Gets in 2025! - Les Gets<\/title>\n<meta name=\"description\" content=\"It&#039;s official: the MTB World Cup is back in Les Gets in 2025! Join us for four days of sport and entertainment!\" \/>\n<meta name=\"robots\" content=\"index, follow, max-snippet:-1, max-image-preview:large, max-video-preview:-1\" \/>\n<link rel=\"canonical\" href=\"https:\/\/www.lesgets.com\/en\/actualite\/its-official-the-mtb-world-cup-is-back-in-les-gets-in-2025\/\" \/>\n<meta property=\"og:locale\" content=\"en_US\" \/>\n<meta property=\"og:type\" content=\"article\" \/>\n<meta property=\"og:title\" content=\"MTB World Cup is back in Les Gets in 2025! - Les Gets\" \/>\n<meta property=\"og:description\" content=\"It&#039;s official: the MTB World Cup is back in Les Gets in 2025! Join us for four days of sport and entertainment!\" \/>\n<meta property=\"og:url\" content=\"https:\/\/www.lesgets.com\/en\/actualite\/its-official-the-mtb-world-cup-is-back-in-les-gets-in-2025\/\" \/>\n<meta property=\"og:site_name\" content=\"Les Gets\" \/>\n<meta property=\"article:modified_time\" content=\"2025-03-20T13:37:36+00:00\" \/>\n<meta property=\"og:image\" content=\"https:\/\/www.lesgets.com\/wp\/..\/app\/uploads\/2025\/03\/WCLG24_SPORT_DH_AGIR-55-scaled.jpg\" \/>\n\t<meta property=\"og:image:width\" content=\"2560\" \/>\n\t<meta property=\"og:image:height\" content=\"1707\" \/>\n\t<meta property=\"og:image:type\" content=\"image\/jpeg\" \/>\n<meta name=\"twitter:card\" content=\"summary_large_image\" \/>\n<meta name=\"twitter:label1\" content=\"Est. reading time\" \/>\n\t<meta name=\"twitter:data1\" content=\"3 minutes\" \/>\n<script type=\"application\/ld+json\" class=\"yoast-schema-graph\">{\"@context\":\"https:\\\/\\\/schema.org\",\"@graph\":[{\"@type\":\"WebPage\",\"@id\":\"https:\\\/\\\/www.lesgets.com\\\/en\\\/actualite\\\/its-official-the-mtb-world-cup-is-back-in-les-gets-in-2025\\\/\",\"url\":\"https:\\\/\\\/www.lesgets.com\\\/en\\\/actualite\\\/its-official-the-mtb-world-cup-is-back-in-les-gets-in-2025\\\/\",\"name\":\"MTB World Cup is back in Les Gets in 2025! - Les Gets\",\"isPartOf\":{\"@id\":\"https:\\\/\\\/www.lesgets.com\\\/en\\\/#website\"},\"primaryImageOfPage\":{\"@id\":\"https:\\\/\\\/www.lesgets.com\\\/en\\\/actualite\\\/its-official-the-mtb-world-cup-is-back-in-les-gets-in-2025\\\/#primaryimage\"},\"image\":{\"@id\":\"https:\\\/\\\/www.lesgets.com\\\/en\\\/actualite\\\/its-official-the-mtb-world-cup-is-back-in-les-gets-in-2025\\\/#primaryimage\"},\"thumbnailUrl\":\"https:\\\/\\\/www.lesgets.com\\\/wp\\\/..\\\/app\\\/uploads\\\/2025\\\/03\\\/WCLG24_SPORT_DH_AGIR-55-scaled.jpg\",\"datePublished\":\"2025-03-20T10:59:59+00:00\",\"dateModified\":\"2025-03-20T13:37:36+00:00\",\"description\":\"It's official: the MTB World Cup is back in Les Gets in 2025! Join us for four days of sport and entertainment!\",\"breadcrumb\":{\"@id\":\"https:\\\/\\\/www.lesgets.com\\\/en\\\/actualite\\\/its-official-the-mtb-world-cup-is-back-in-les-gets-in-2025\\\/#breadcrumb\"},\"inLanguage\":\"en-US\",\"potentialAction\":[{\"@type\":\"ReadAction\",\"target\":[\"https:\\\/\\\/www.lesgets.com\\\/en\\\/actualite\\\/its-official-the-mtb-world-cup-is-back-in-les-gets-in-2025\\\/\"]}]},{\"@type\":\"ImageObject\",\"inLanguage\":\"en-US\",\"@id\":\"https:\\\/\\\/www.lesgets.com\\\/en\\\/actualite\\\/its-official-the-mtb-world-cup-is-back-in-les-gets-in-2025\\\/#primaryimage\",\"url\":\"https:\\\/\\\/www.lesgets.com\\\/wp\\\/..\\\/app\\\/uploads\\\/2025\\\/03\\\/WCLG24_SPORT_DH_AGIR-55-scaled.jpg\",\"contentUrl\":\"https:\\\/\\\/www.lesgets.com\\\/wp\\\/..\\\/app\\\/uploads\\\/2025\\\/03\\\/WCLG24_SPORT_DH_AGIR-55-scaled.jpg\",\"width\":2560,\"height\":1707},{\"@type\":\"BreadcrumbList\",\"@id\":\"https:\\\/\\\/www.lesgets.com\\\/en\\\/actualite\\\/its-official-the-mtb-world-cup-is-back-in-les-gets-in-2025\\\/#breadcrumb\",\"itemListElement\":[{\"@type\":\"ListItem\",\"position\":1,\"name\":\"Home\",\"item\":\"https:\\\/\\\/www.lesgets.com\\\/en\\\/\"},{\"@type\":\"ListItem\",\"position\":2,\"name\":\"Bike\",\"item\":\"https:\\\/\\\/www.lesgets.com\\\/en\\\/actualites\\\/bike-en\\\/\"},{\"@type\":\"ListItem\",\"position\":3,\"name\":\"It&#8217;s official: the MTB World Cup is back in Les Gets in 2025!\"}]},{\"@type\":\"WebSite\",\"@id\":\"https:\\\/\\\/www.lesgets.com\\\/en\\\/#website\",\"url\":\"https:\\\/\\\/www.lesgets.com\\\/en\\\/\",\"name\":\"Les Gets\",\"description\":\"\",\"publisher\":{\"@id\":\"https:\\\/\\\/www.lesgets.com\\\/en\\\/#organization\"},\"potentialAction\":[{\"@type\":\"SearchAction\",\"target\":{\"@type\":\"EntryPoint\",\"urlTemplate\":\"https:\\\/\\\/www.lesgets.com\\\/en\\\/?s={search_term_string}\"},\"query-input\":{\"@type\":\"PropertyValueSpecification\",\"valueRequired\":true,\"valueName\":\"search_term_string\"}}],\"inLanguage\":\"en-US\"},{\"@type\":\"Organization\",\"@id\":\"https:\\\/\\\/www.lesgets.com\\\/en\\\/#organization\",\"name\":\"Les Gets\",\"url\":\"https:\\\/\\\/www.lesgets.com\\\/en\\\/\",\"logo\":{\"@type\":\"ImageObject\",\"inLanguage\":\"en-US\",\"@id\":\"https:\\\/\\\/www.lesgets.com\\\/en\\\/#\\\/schema\\\/logo\\\/image\\\/\",\"url\":\"https:\\\/\\\/www.lesgets.com\\\/wp\\\/..\\\/app\\\/uploads\\\/2020\\\/06\\\/logo_lesgets.png\",\"contentUrl\":\"https:\\\/\\\/www.lesgets.com\\\/wp\\\/..\\\/app\\\/uploads\\\/2020\\\/06\\\/logo_lesgets.png\",\"width\":136,\"height\":115,\"caption\":\"Les Gets\"},\"image\":{\"@id\":\"https:\\\/\\\/www.lesgets.com\\\/en\\\/#\\\/schema\\\/logo\\\/image\\\/\"}}]}<\/script>\n<!-- \/ Yoast SEO plugin. -->","yoast_head_json":{"title":"MTB World Cup is back in Les Gets in 2025! - Les Gets","description":"It's official: the MTB World Cup is back in Les Gets in 2025! Join us for four days of sport and entertainment!","robots":{"index":"index","follow":"follow","max-snippet":"max-snippet:-1","max-image-preview":"max-image-preview:large","max-video-preview":"max-video-preview:-1"},"canonical":"https:\/\/www.lesgets.com\/en\/actualite\/its-official-the-mtb-world-cup-is-back-in-les-gets-in-2025\/","og_locale":"en_US","og_type":"article","og_title":"MTB World Cup is back in Les Gets in 2025! - Les Gets","og_description":"It's official: the MTB World Cup is back in Les Gets in 2025! Join us for four days of sport and entertainment!","og_url":"https:\/\/www.lesgets.com\/en\/actualite\/its-official-the-mtb-world-cup-is-back-in-les-gets-in-2025\/","og_site_name":"Les Gets","article_modified_time":"2025-03-20T13:37:36+00:00","og_image":[{"width":2560,"height":1707,"url":"https:\/\/www.lesgets.com\/wp\/..\/app\/uploads\/2025\/03\/WCLG24_SPORT_DH_AGIR-55-scaled.jpg","type":"image\/jpeg"}],"twitter_card":"summary_large_image","twitter_misc":{"Est. reading time":"3 minutes"},"schema":{"@context":"https:\/\/schema.org","@graph":[{"@type":"WebPage","@id":"https:\/\/www.lesgets.com\/en\/actualite\/its-official-the-mtb-world-cup-is-back-in-les-gets-in-2025\/","url":"https:\/\/www.lesgets.com\/en\/actualite\/its-official-the-mtb-world-cup-is-back-in-les-gets-in-2025\/","name":"MTB World Cup is back in Les Gets in 2025! - Les Gets","isPartOf":{"@id":"https:\/\/www.lesgets.com\/en\/#website"},"primaryImageOfPage":{"@id":"https:\/\/www.lesgets.com\/en\/actualite\/its-official-the-mtb-world-cup-is-back-in-les-gets-in-2025\/#primaryimage"},"image":{"@id":"https:\/\/www.lesgets.com\/en\/actualite\/its-official-the-mtb-world-cup-is-back-in-les-gets-in-2025\/#primaryimage"},"thumbnailUrl":"https:\/\/www.lesgets.com\/wp\/..\/app\/uploads\/2025\/03\/WCLG24_SPORT_DH_AGIR-55-scaled.jpg","datePublished":"2025-03-20T10:59:59+00:00","dateModified":"2025-03-20T13:37:36+00:00","description":"It's official: the MTB World Cup is back in Les Gets in 2025! Join us for four days of sport and entertainment!","breadcrumb":{"@id":"https:\/\/www.lesgets.com\/en\/actualite\/its-official-the-mtb-world-cup-is-back-in-les-gets-in-2025\/#breadcrumb"},"inLanguage":"en-US","potentialAction":[{"@type":"ReadAction","target":["https:\/\/www.lesgets.com\/en\/actualite\/its-official-the-mtb-world-cup-is-back-in-les-gets-in-2025\/"]}]},{"@type":"ImageObject","inLanguage":"en-US","@id":"https:\/\/www.lesgets.com\/en\/actualite\/its-official-the-mtb-world-cup-is-back-in-les-gets-in-2025\/#primaryimage","url":"https:\/\/www.lesgets.com\/wp\/..\/app\/uploads\/2025\/03\/WCLG24_SPORT_DH_AGIR-55-scaled.jpg","contentUrl":"https:\/\/www.lesgets.com\/wp\/..\/app\/uploads\/2025\/03\/WCLG24_SPORT_DH_AGIR-55-scaled.jpg","width":2560,"height":1707},{"@type":"BreadcrumbList","@id":"https:\/\/www.lesgets.com\/en\/actualite\/its-official-the-mtb-world-cup-is-back-in-les-gets-in-2025\/#breadcrumb","itemListElement":[{"@type":"ListItem","position":1,"name":"Home","item":"https:\/\/www.lesgets.com\/en\/"},{"@type":"ListItem","position":2,"name":"Bike","item":"https:\/\/www.lesgets.com\/en\/actualites\/bike-en\/"},{"@type":"ListItem","position":3,"name":"It&#8217;s official: the MTB World Cup is back in Les Gets in 2025!"}]},{"@type":"WebSite","@id":"https:\/\/www.lesgets.com\/en\/#website","url":"https:\/\/www.lesgets.com\/en\/","name":"Les Gets","description":"","publisher":{"@id":"https:\/\/www.lesgets.com\/en\/#organization"},"potentialAction":[{"@type":"SearchAction","target":{"@type":"EntryPoint","urlTemplate":"https:\/\/www.lesgets.com\/en\/?s={search_term_string}"},"query-input":{"@type":"PropertyValueSpecification","valueRequired":true,"valueName":"search_term_string"}}],"inLanguage":"en-US"},{"@type":"Organization","@id":"https:\/\/www.lesgets.com\/en\/#organization","name":"Les Gets","url":"https:\/\/www.lesgets.com\/en\/","logo":{"@type":"ImageObject","inLanguage":"en-US","@id":"https:\/\/www.lesgets.com\/en\/#\/schema\/logo\/image\/","url":"https:\/\/www.lesgets.com\/wp\/..\/app\/uploads\/2020\/06\/logo_lesgets.png","contentUrl":"https:\/\/www.lesgets.com\/wp\/..\/app\/uploads\/2020\/06\/logo_lesgets.png","width":136,"height":115,"caption":"Les Gets"},"image":{"@id":"https:\/\/www.lesgets.com\/en\/#\/schema\/logo\/image\/"}}]}},"amp_enabled":true,"_links":{"self":[{"href":"https:\/\/www.lesgets.com\/en\/wp-json\/wp\/v2\/actualite\/54750","targetHints":{"allow":["GET"]}}],"collection":[{"href":"https:\/\/www.lesgets.com\/en\/wp-json\/wp\/v2\/actualite"}],"about":[{"href":"https:\/\/www.lesgets.com\/en\/wp-json\/wp\/v2\/types\/actualite"}],"wp:featuredmedia":[{"embeddable":true,"href":"https:\/\/www.lesgets.com\/en\/wp-json\/wp\/v2\/media\/54749"}],"wp:attachment":[{"href":"https:\/\/www.lesgets.com\/en\/wp-json\/wp\/v2\/media?parent=54750"}],"wp:term":[{"taxonomy":"categorie_actualite","embeddable":true,"href":"https:\/\/www.lesgets.com\/en\/wp-json\/wp\/v2\/categorie_actualite?post=54750"}],"curies":[{"name":"wp","href":"https:\/\/api.w.org\/{rel}","templated":true}]}}