{"id":29260,"date":"2021-06-29T15:23:38","date_gmt":"2021-06-29T13:23:38","guid":{"rendered":"https:\/\/www.lesgets.com\/?p=29260"},"modified":"2021-08-31T09:43:09","modified_gmt":"2021-08-31T07:43:09","slug":"new-downhill-track-for-the-2021-world-cup","status":"publish","type":"post","link":"https:\/\/www.lesgets.com\/en\/blog\/new-downhill-track-for-the-2021-world-cup\/","title":{"rendered":"New Downhill track for the 2021 World Cup"},"content":{"rendered":"<p>On the Downhill (DHI) side, a brand new track has been created for the 2021 Mercedes-Benz UCI MTB World Cup. Inspired by the track that hosted the P2V Invitational in 2020, the course retains only the start and finish areas.<\/p>\n<p>The organisation was willing to offer riders a varied track with a succession of fast and technical sections and a great show with, in particular, a spectacular finish!<\/p>\n\n<div class=\"block block-core-spacer\">\n<div style=\"height:20px\" aria-hidden=\"true\" class=\"wp-block-spacer\"><\/div>\n<\/div>\n\n<div class=\"block block-core-heading\">\n<h4 class=\"wp-block-heading\"><strong>L\u00e9andre Alegri and Beno\u00eet Texier, <\/strong>directors of the DHI course, give us a preview of this new challenging and spectacular route.<\/h4>\n<\/div>\n\n<div class=\"block block-core-columns\">\n<div class=\"wp-block-columns is-layout-flex wp-container-core-columns-is-layout-9d6595d7 wp-block-columns-is-layout-flex\"><div class=\"block block-core-column\">\n<div class=\"wp-block-column is-vertically-aligned-center is-layout-flow wp-block-column-is-layout-flow\" style=\"flex-basis:30%\">\n<figure class=\"wp-block-image size-large is-style-circle-mask\"><img loading=\"lazy\" decoding=\"async\" width=\"1920\" height=\"1280\" src=\"https:\/\/www.lesgets.com\/app\/uploads\/2021\/06\/2021_06_14_wclg_travaux_dh_track_LD_LesGets_MelCarle_IMG_0304.jpg\" alt=\"\" class=\"wp-image-29233\" srcset=\"https:\/\/www.lesgets.com\/wp\/..\/app\/uploads\/2021\/06\/2021_06_14_wclg_travaux_dh_track_LD_LesGets_MelCarle_IMG_0304.jpg 1920w, https:\/\/www.lesgets.com\/wp\/..\/app\/uploads\/2021\/06\/2021_06_14_wclg_travaux_dh_track_LD_LesGets_MelCarle_IMG_0304-768x512.jpg 768w, https:\/\/www.lesgets.com\/wp\/..\/app\/uploads\/2021\/06\/2021_06_14_wclg_travaux_dh_track_LD_LesGets_MelCarle_IMG_0304-1536x1024.jpg 1536w, https:\/\/www.lesgets.com\/wp\/..\/app\/uploads\/2021\/06\/2021_06_14_wclg_travaux_dh_track_LD_LesGets_MelCarle_IMG_0304-960x640.jpg 960w\" sizes=\"auto, (max-width: 1920px) 100vw, 1920px\" \/><\/figure>\n<\/div>\n<\/div>\n\n<div class=\"block block-core-column\">\n<div class=\"wp-block-column is-layout-flow wp-block-column-is-layout-flow\" style=\"flex-basis:70%\"><div class=\"block block-core-freeform\">\n<blockquote>\n<p>Both former technicians on the MTB World Cups, L\u00e9andre and Beno\u00eet designed and shaped this new DHI trail. Beno\u00eet (left) is a mountain bike guide and instructor at <a href=\"https:\/\/www.lesgets.com\/details\/bike-experience-moniteur-guide-vtt-5534406-Fr\/\">Bike Experience<\/a> and L\u00e9andre (right) has created his own company <a href=\"https:\/\/www.instagram.com\/bike_trail_concept\/\" target=\"_blank\" rel=\"noopener noreferrer\">Bike Trail Concept<\/a>.<\/p>\n<\/blockquote>\n<\/div><\/div>\n<\/div><\/div>\n<\/div>\n\n<div class=\"block block-core-spacer\">\n<div style=\"height:20px\" aria-hidden=\"true\" class=\"wp-block-spacer\"><\/div>\n<\/div>\n\n<div class=\"page\" title=\"Page 18\">\n<div class=\"section\">\n<div class=\"layoutArea\">\n<div class=\"column\">\n<h5>What\u2019s the story of this track?<\/h5>\n<p><span style=\"text-decoration: underline;\">Ben<\/span><em>: It\u2019s a new track which is being created on Mont-Che\u0301ry for the 2021 World Cup and the 2022 World Championships. We didn\u2019t want to stay with the 2019 track &#8211; which is a little outdated nowadays with the progression of the discipline. Only the start and finish areas are the same. In September 2020, we were busy shaping the track for the P2V Invitational, a race organised by the P2V association and all the locals in the resort. We are going to build on this track, which is a good base, and offer a more open, more technical and faster route with a spectacular finish!<\/em><\/p>\n<\/div>\n<\/div>\n<\/div>\n<\/div>\n<h5>What do you want to offer with this new route?\u00a0<\/h5>\n<p><span style=\"text-decoration: underline;\">L\u00e9andre<\/span><span data-contrast=\"auto\">: <em>We want to offer the riders a modern, comprehensive track, adapted to the demands of downhill mountain biking, which has evolved enormously in recent years. We start with a fast open start, followed by many technical parts in the forest undergrowth where the successive rider traffic will leave roots and brake holes on show.\u00a0 We close with a fast, aerial finale, a series of tables between the road and the Mont-Ch\u00e9ry cable car. In conclusion: more entertainment for the crowd and more enjoyment for the riders!<\/em><\/span><em>\u00a0<\/em><\/p>\n<p><span style=\"text-decoration: underline;\">Ben<\/span><span data-contrast=\"auto\">: <em>The bottom of the track will be completely transformed. It will no longer follow the black track of the bike park but will go straight into the woods on a steep slope. \u00be of the track will be in the woods, unlike the old track which was almost entirely on the ski slopes. For us, it was very important to have a test year for this new track before the 2022 World Championships.<\/em><\/span><\/p>\n\n\n<figure class=\"wp-block-gallery columns-3 is-cropped wp-block-gallery-1 is-layout-flex wp-block-gallery-is-layout-flex\"><ul class=\"blocks-gallery-grid\"><li class=\"blocks-gallery-item\"><figure><img loading=\"lazy\" decoding=\"async\" width=\"1280\" height=\"1920\" src=\"https:\/\/www.lesgets.com\/app\/uploads\/2021\/06\/2021_06_14_wclg_travaux_dh_track_LD_LesGets_MelCarle_IMG_0223.jpg\" alt=\"\" data-id=\"29213\" data-full-url=\"https:\/\/www.lesgets.com\/app\/uploads\/2021\/06\/2021_06_14_wclg_travaux_dh_track_LD_LesGets_MelCarle_IMG_0223.jpg\" data-link=\"https:\/\/www.lesgets.com\/2021_06_14_wclg_travaux_dh_track_ld_lesgets_melcarle_img_0223\/\" class=\"wp-image-29215\" srcset=\"https:\/\/www.lesgets.com\/wp\/..\/app\/uploads\/2021\/06\/2021_06_14_wclg_travaux_dh_track_LD_LesGets_MelCarle_IMG_0223.jpg 1280w, https:\/\/www.lesgets.com\/wp\/..\/app\/uploads\/2021\/06\/2021_06_14_wclg_travaux_dh_track_LD_LesGets_MelCarle_IMG_0223-768x1152.jpg 768w, https:\/\/www.lesgets.com\/wp\/..\/app\/uploads\/2021\/06\/2021_06_14_wclg_travaux_dh_track_LD_LesGets_MelCarle_IMG_0223-1024x1536.jpg 1024w, https:\/\/www.lesgets.com\/wp\/..\/app\/uploads\/2021\/06\/2021_06_14_wclg_travaux_dh_track_LD_LesGets_MelCarle_IMG_0223-960x1440.jpg 960w\" sizes=\"auto, (max-width: 1280px) 100vw, 1280px\" \/><\/figure><\/li><li class=\"blocks-gallery-item\"><figure><img loading=\"lazy\" decoding=\"async\" width=\"1280\" height=\"1920\" src=\"https:\/\/www.lesgets.com\/app\/uploads\/2021\/06\/2021_06_14_wclg_travaux_dh_track_LD_LesGets_MelCarle_IMG_0235.jpg\" alt=\"\" data-id=\"29236\" data-full-url=\"https:\/\/www.lesgets.com\/app\/uploads\/2021\/06\/2021_06_14_wclg_travaux_dh_track_LD_LesGets_MelCarle_IMG_0235.jpg\" data-link=\"https:\/\/www.lesgets.com\/2021_06_14_wclg_travaux_dh_track_ld_lesgets_melcarle_img_0235\/\" class=\"wp-image-29238\" srcset=\"https:\/\/www.lesgets.com\/wp\/..\/app\/uploads\/2021\/06\/2021_06_14_wclg_travaux_dh_track_LD_LesGets_MelCarle_IMG_0235.jpg 1280w, https:\/\/www.lesgets.com\/wp\/..\/app\/uploads\/2021\/06\/2021_06_14_wclg_travaux_dh_track_LD_LesGets_MelCarle_IMG_0235-768x1152.jpg 768w, https:\/\/www.lesgets.com\/wp\/..\/app\/uploads\/2021\/06\/2021_06_14_wclg_travaux_dh_track_LD_LesGets_MelCarle_IMG_0235-1024x1536.jpg 1024w, https:\/\/www.lesgets.com\/wp\/..\/app\/uploads\/2021\/06\/2021_06_14_wclg_travaux_dh_track_LD_LesGets_MelCarle_IMG_0235-960x1440.jpg 960w\" sizes=\"auto, (max-width: 1280px) 100vw, 1280px\" \/><\/figure><\/li><li class=\"blocks-gallery-item\"><figure><img loading=\"lazy\" decoding=\"async\" width=\"1280\" height=\"1920\" src=\"https:\/\/www.lesgets.com\/app\/uploads\/2021\/06\/2021_06_14_wclg_travaux_dh_track_LD_LesGets_MelCarle_IMG_0256.jpg\" alt=\"\" data-id=\"29222\" data-full-url=\"https:\/\/www.lesgets.com\/app\/uploads\/2021\/06\/2021_06_14_wclg_travaux_dh_track_LD_LesGets_MelCarle_IMG_0256.jpg\" data-link=\"https:\/\/www.lesgets.com\/2021_06_14_wclg_travaux_dh_track_ld_lesgets_melcarle_img_0256\/\" class=\"wp-image-29224\" srcset=\"https:\/\/www.lesgets.com\/wp\/..\/app\/uploads\/2021\/06\/2021_06_14_wclg_travaux_dh_track_LD_LesGets_MelCarle_IMG_0256.jpg 1280w, https:\/\/www.lesgets.com\/wp\/..\/app\/uploads\/2021\/06\/2021_06_14_wclg_travaux_dh_track_LD_LesGets_MelCarle_IMG_0256-768x1152.jpg 768w, https:\/\/www.lesgets.com\/wp\/..\/app\/uploads\/2021\/06\/2021_06_14_wclg_travaux_dh_track_LD_LesGets_MelCarle_IMG_0256-1024x1536.jpg 1024w, https:\/\/www.lesgets.com\/wp\/..\/app\/uploads\/2021\/06\/2021_06_14_wclg_travaux_dh_track_LD_LesGets_MelCarle_IMG_0256-960x1440.jpg 960w\" sizes=\"auto, (max-width: 1280px) 100vw, 1280px\" \/><\/figure><\/li><\/ul><\/figure>\n\n\n<h5>What qualities are needed to perform well on this new course?\u00a0<\/h5>\n<p><u>L\u00e9andre<\/u>: <em>this new track will no longer be a single track like it was in the 2019 World Cup. More routes will be possible, which will create a lot of paths to make a difference on the different riding styles and allow time differences and entertainment. Some will opt for the wider paths, and others will try to take the more technical routes. As a result, this track requires a lot of work from the staff and the rider beforehand to analyse the possible paths, the section times and the many mechanical adjustments&#8230; <\/em><em>Not to mention the strong physical and mental skills that are essential to win a round of the World Cup.\u00a0\u00a0<\/em><\/p>\n<p><em>The track will be a little slower than in 2019 but it will be longer and with lots more obstacles so it will be physically harder. 20 or 30 seconds more on a 3mins 30 or 3mins 40 run is no small feat!\u00a0<\/em><\/p>\n<h5>Which section of this track do you prefer?\u00a0<\/h5>\n<p><u>L\u00e9andre &amp; Ben<\/u> : <em>Without hesitation the lower part in this new wood, up to the finish which we called &#8220;black wood&#8221;. It is full of steep slopes, dotted with roots, banked bends which concludes with a very aerial finish line. We cannot wait to see them on this brand-new section !\u00a0<\/em><\/p>\n\n\n<figure class=\"wp-block-gallery columns-2 is-cropped wp-block-gallery-2 is-layout-flex wp-block-gallery-is-layout-flex\"><ul class=\"blocks-gallery-grid\"><li class=\"blocks-gallery-item\"><figure><img loading=\"lazy\" decoding=\"async\" width=\"1920\" height=\"1280\" src=\"https:\/\/www.lesgets.com\/app\/uploads\/2021\/06\/2021_06_14_wclg_travaux_dh_track_LD_LesGets_MelCarle_IMG_0280.jpg\" alt=\"\" data-id=\"29228\" data-full-url=\"https:\/\/www.lesgets.com\/app\/uploads\/2021\/06\/2021_06_14_wclg_travaux_dh_track_LD_LesGets_MelCarle_IMG_0280.jpg\" data-link=\"https:\/\/www.lesgets.com\/2021_06_14_wclg_travaux_dh_track_ld_lesgets_melcarle_img_0280\/\" class=\"wp-image-29230\" srcset=\"https:\/\/www.lesgets.com\/wp\/..\/app\/uploads\/2021\/06\/2021_06_14_wclg_travaux_dh_track_LD_LesGets_MelCarle_IMG_0280.jpg 1920w, https:\/\/www.lesgets.com\/wp\/..\/app\/uploads\/2021\/06\/2021_06_14_wclg_travaux_dh_track_LD_LesGets_MelCarle_IMG_0280-768x512.jpg 768w, https:\/\/www.lesgets.com\/wp\/..\/app\/uploads\/2021\/06\/2021_06_14_wclg_travaux_dh_track_LD_LesGets_MelCarle_IMG_0280-1536x1024.jpg 1536w, https:\/\/www.lesgets.com\/wp\/..\/app\/uploads\/2021\/06\/2021_06_14_wclg_travaux_dh_track_LD_LesGets_MelCarle_IMG_0280-960x640.jpg 960w\" sizes=\"auto, (max-width: 1920px) 100vw, 1920px\" \/><\/figure><\/li><li class=\"blocks-gallery-item\"><figure><img loading=\"lazy\" decoding=\"async\" width=\"1920\" height=\"1280\" src=\"https:\/\/www.lesgets.com\/app\/uploads\/2021\/06\/2021_06_14_wclg_travaux_dh_track_LD_LesGets_MelCarle_IMG_0229.jpg\" alt=\"\" data-id=\"29246\" data-full-url=\"https:\/\/www.lesgets.com\/app\/uploads\/2021\/06\/2021_06_14_wclg_travaux_dh_track_LD_LesGets_MelCarle_IMG_0229.jpg\" data-link=\"https:\/\/www.lesgets.com\/2021_06_14_wclg_travaux_dh_track_ld_lesgets_melcarle_img_0229\/\" class=\"wp-image-29248\" srcset=\"https:\/\/www.lesgets.com\/wp\/..\/app\/uploads\/2021\/06\/2021_06_14_wclg_travaux_dh_track_LD_LesGets_MelCarle_IMG_0229.jpg 1920w, https:\/\/www.lesgets.com\/wp\/..\/app\/uploads\/2021\/06\/2021_06_14_wclg_travaux_dh_track_LD_LesGets_MelCarle_IMG_0229-768x512.jpg 768w, https:\/\/www.lesgets.com\/wp\/..\/app\/uploads\/2021\/06\/2021_06_14_wclg_travaux_dh_track_LD_LesGets_MelCarle_IMG_0229-1536x1024.jpg 1536w, https:\/\/www.lesgets.com\/wp\/..\/app\/uploads\/2021\/06\/2021_06_14_wclg_travaux_dh_track_LD_LesGets_MelCarle_IMG_0229-960x640.jpg 960w\" sizes=\"auto, (max-width: 1920px) 100vw, 1920px\" \/><\/figure><\/li><\/ul><\/figure>\n\n\n<div class=\"block block-core-heading\">\n<h2 class=\"wp-block-heading\">Discover <strong>the new DHI track<\/strong><\/h2>\n<\/div>\n\n\n<figure class=\"wp-block-image size-large\"><img loading=\"lazy\" decoding=\"async\" width=\"1920\" height=\"1357\" src=\"https:\/\/www.lesgets.com\/app\/uploads\/2021\/06\/Trace_DHI_WCLG21_LD.jpeg\" alt=\"\" class=\"wp-image-29202\" srcset=\"https:\/\/www.lesgets.com\/wp\/..\/app\/uploads\/2021\/06\/Trace_DHI_WCLG21_LD.jpeg 1920w, https:\/\/www.lesgets.com\/wp\/..\/app\/uploads\/2021\/06\/Trace_DHI_WCLG21_LD-768x543.jpeg 768w, https:\/\/www.lesgets.com\/wp\/..\/app\/uploads\/2021\/06\/Trace_DHI_WCLG21_LD-1536x1086.jpeg 1536w, https:\/\/www.lesgets.com\/wp\/..\/app\/uploads\/2021\/06\/Trace_DHI_WCLG21_LD-960x679.jpeg 960w\" sizes=\"auto, (max-width: 1920px) 100vw, 1920px\" \/><\/figure>\n\n\n<div class=\"block block-core-spacer\">\n<div style=\"height:20px\" aria-hidden=\"true\" class=\"wp-block-spacer\"><\/div>\n<\/div>\n\n<div class=\"block block-genesis-custom-blocks-full-texte-image-btn\">\r\n        <div class=\"container-fluid full-width image-gauche fond-bleu\">\r\n            <div class=\"row\">\r\n                <div class=\"col-lg-4 pl-lg-5\">\r\n                    <div class=\"image\">\r\n                        <img decoding=\"async\" src=\"https:\/\/www.lesgets.com\/wp\/..\/app\/uploads\/2021\/06\/2019-les-gets-bikepark-christophe-gressent-vojo-paul-humbert-14-1024x682-1-960x682.jpg\" alt=\"\">\r\n                    <\/div>\r\n                <\/div>\r\n                <div class=\"col-lg-8\">\r\n                    <div class=\"conteneur\">\r\n                        <h2>Bikepark &amp; World Cup<\/h2>\r\n                        <div><p><strong>Christophe Gressent, Les Gets Bikepark manager :<\/strong><\/p>\n<p>&#8220;<em>During the event, my role is to ensure the operation of the Bikepark and the hosting of the World Cup. We are keen to offer a quality event, with top spectator access while maintaining the operation of the Bikepark for customers, without too many track closures.<\/em>&#8221;\u00a0 <\/p>\n<p> \u27a1\ufe0f The Bikepark on the Chavannes side remains accessible to the public, except for the bottom of the four cross which will be closed from 28 June to 04 July; a diversion will be put in place. On the Mont Ch\u00e9ry side, the Bikepark will be closed to bikes from 28 June to 04 July.\u00a0 <\/p>\n<\/div>\r\n                                            <\/div>\r\n                <\/div>\r\n            <\/div>\r\n        <\/div>\r\n        <\/div>\n\n<div class=\"block block-core-spacer\">\n<div style=\"height:50px\" aria-hidden=\"true\" class=\"wp-block-spacer\"><\/div>\n<\/div>","protected":false},"excerpt":{"rendered":"<p>2021 UCI MTB World Cup: a brand new Downhill (DHI) track with fast and technical sections and a great finish!<\/p>\n","protected":false},"author":4,"featured_media":29218,"comment_status":"closed","ping_status":"open","sticky":false,"template":"","format":"standard","meta":{"_acf_changed":false,"footnotes":""},"categories":[249],"tags":[],"class_list":["post-29260","post","type-post","status-publish","format-standard","has-post-thumbnail","hentry","category-mtb-world-cup"],"acf":[],"yoast_head":"<!-- This site is optimized with the Yoast SEO plugin v27.3 - https:\/\/yoast.com\/product\/yoast-seo-wordpress\/ -->\n<title>New Downhill track for the 2021 World Cup - 2021UCI MTB World Cup - Les Gets<\/title>\n<meta name=\"description\" content=\"2021 UCI MTB World Cup: a brand new Downhill (DHI) track with fast and technical sections and a great finish!\" \/>\n<meta name=\"robots\" content=\"index, follow, max-snippet:-1, max-image-preview:large, max-video-preview:-1\" \/>\n<link rel=\"canonical\" href=\"https:\/\/www.lesgets.com\/en\/blog\/new-downhill-track-for-the-2021-world-cup\/\" \/>\n<meta property=\"og:locale\" content=\"en_US\" \/>\n<meta property=\"og:type\" content=\"article\" \/>\n<meta property=\"og:title\" content=\"New Downhill track for the 2021 World Cup - 2021UCI MTB World Cup - Les Gets\" \/>\n<meta property=\"og:description\" content=\"2021 UCI MTB World Cup: a brand new Downhill (DHI) track with fast and technical sections and a great finish!\" \/>\n<meta property=\"og:url\" content=\"https:\/\/www.lesgets.com\/en\/blog\/new-downhill-track-for-the-2021-world-cup\/\" \/>\n<meta property=\"og:site_name\" content=\"Les Gets\" \/>\n<meta property=\"article:published_time\" content=\"2021-06-29T13:23:38+00:00\" \/>\n<meta property=\"article:modified_time\" content=\"2021-08-31T07:43:09+00:00\" \/>\n<meta property=\"og:image\" content=\"https:\/\/www.lesgets.com\/..\/app\/uploads\/2021\/06\/2021_06_14_wclg_travaux_dh_track_LD_LesGets_MelCarle_IMG_0240.jpg\" \/>\n\t<meta property=\"og:image:width\" content=\"1920\" \/>\n\t<meta property=\"og:image:height\" content=\"1280\" \/>\n\t<meta property=\"og:image:type\" content=\"image\/jpeg\" \/>\n<meta name=\"author\" content=\"sarah\" \/>\n<meta name=\"twitter:card\" content=\"summary_large_image\" \/>\n<meta name=\"twitter:label1\" content=\"Written by\" \/>\n\t<meta name=\"twitter:data1\" content=\"sarah\" \/>\n\t<meta name=\"twitter:label2\" content=\"Est. reading time\" \/>\n\t<meta name=\"twitter:data2\" content=\"3 minutes\" \/>\n<script type=\"application\/ld+json\" class=\"yoast-schema-graph\">{\"@context\":\"https:\\\/\\\/schema.org\",\"@graph\":[{\"@type\":\"Article\",\"@id\":\"https:\\\/\\\/www.lesgets.com\\\/en\\\/blog\\\/new-downhill-track-for-the-2021-world-cup\\\/#article\",\"isPartOf\":{\"@id\":\"https:\\\/\\\/www.lesgets.com\\\/en\\\/blog\\\/new-downhill-track-for-the-2021-world-cup\\\/\"},\"author\":{\"name\":\"sarah\",\"@id\":\"https:\\\/\\\/www.lesgets.com\\\/en\\\/#\\\/schema\\\/person\\\/01e8d23bf82e05b992d28a7e48bfb3bc\"},\"headline\":\"New Downhill track for the 2021 World Cup\",\"datePublished\":\"2021-06-29T13:23:38+00:00\",\"dateModified\":\"2021-08-31T07:43:09+00:00\",\"mainEntityOfPage\":{\"@id\":\"https:\\\/\\\/www.lesgets.com\\\/en\\\/blog\\\/new-downhill-track-for-the-2021-world-cup\\\/\"},\"wordCount\":653,\"publisher\":{\"@id\":\"https:\\\/\\\/www.lesgets.com\\\/en\\\/#organization\"},\"image\":{\"@id\":\"https:\\\/\\\/www.lesgets.com\\\/en\\\/blog\\\/new-downhill-track-for-the-2021-world-cup\\\/#primaryimage\"},\"thumbnailUrl\":\"https:\\\/\\\/www.lesgets.com\\\/wp\\\/..\\\/app\\\/uploads\\\/2021\\\/06\\\/2021_06_14_wclg_travaux_dh_track_LD_LesGets_MelCarle_IMG_0240.jpg\",\"articleSection\":[\"MTB World Cup\"],\"inLanguage\":\"en-US\"},{\"@type\":\"WebPage\",\"@id\":\"https:\\\/\\\/www.lesgets.com\\\/en\\\/blog\\\/new-downhill-track-for-the-2021-world-cup\\\/\",\"url\":\"https:\\\/\\\/www.lesgets.com\\\/en\\\/blog\\\/new-downhill-track-for-the-2021-world-cup\\\/\",\"name\":\"New Downhill track for the 2021 World Cup - 2021UCI MTB World Cup - Les Gets\",\"isPartOf\":{\"@id\":\"https:\\\/\\\/www.lesgets.com\\\/en\\\/#website\"},\"primaryImageOfPage\":{\"@id\":\"https:\\\/\\\/www.lesgets.com\\\/en\\\/blog\\\/new-downhill-track-for-the-2021-world-cup\\\/#primaryimage\"},\"image\":{\"@id\":\"https:\\\/\\\/www.lesgets.com\\\/en\\\/blog\\\/new-downhill-track-for-the-2021-world-cup\\\/#primaryimage\"},\"thumbnailUrl\":\"https:\\\/\\\/www.lesgets.com\\\/wp\\\/..\\\/app\\\/uploads\\\/2021\\\/06\\\/2021_06_14_wclg_travaux_dh_track_LD_LesGets_MelCarle_IMG_0240.jpg\",\"datePublished\":\"2021-06-29T13:23:38+00:00\",\"dateModified\":\"2021-08-31T07:43:09+00:00\",\"description\":\"2021 UCI MTB World Cup: a brand new Downhill (DHI) track with fast and technical sections and a great finish!\",\"breadcrumb\":{\"@id\":\"https:\\\/\\\/www.lesgets.com\\\/en\\\/blog\\\/new-downhill-track-for-the-2021-world-cup\\\/#breadcrumb\"},\"inLanguage\":\"en-US\",\"potentialAction\":[{\"@type\":\"ReadAction\",\"target\":[\"https:\\\/\\\/www.lesgets.com\\\/en\\\/blog\\\/new-downhill-track-for-the-2021-world-cup\\\/\"]}]},{\"@type\":\"ImageObject\",\"inLanguage\":\"en-US\",\"@id\":\"https:\\\/\\\/www.lesgets.com\\\/en\\\/blog\\\/new-downhill-track-for-the-2021-world-cup\\\/#primaryimage\",\"url\":\"https:\\\/\\\/www.lesgets.com\\\/wp\\\/..\\\/app\\\/uploads\\\/2021\\\/06\\\/2021_06_14_wclg_travaux_dh_track_LD_LesGets_MelCarle_IMG_0240.jpg\",\"contentUrl\":\"https:\\\/\\\/www.lesgets.com\\\/wp\\\/..\\\/app\\\/uploads\\\/2021\\\/06\\\/2021_06_14_wclg_travaux_dh_track_LD_LesGets_MelCarle_IMG_0240.jpg\",\"width\":1920,\"height\":1280},{\"@type\":\"BreadcrumbList\",\"@id\":\"https:\\\/\\\/www.lesgets.com\\\/en\\\/blog\\\/new-downhill-track-for-the-2021-world-cup\\\/#breadcrumb\",\"itemListElement\":[{\"@type\":\"ListItem\",\"position\":1,\"name\":\"Home\",\"item\":\"https:\\\/\\\/www.lesgets.com\\\/en\\\/\"},{\"@type\":\"ListItem\",\"position\":2,\"name\":\"Coupe du Monde VTT\",\"item\":\"https:\\\/\\\/www.lesgets.com\\\/blogs\\\/coupe-du-monde-vtt\\\/\"},{\"@type\":\"ListItem\",\"position\":3,\"name\":\"New Downhill track for the 2021 World Cup\"}]},{\"@type\":\"WebSite\",\"@id\":\"https:\\\/\\\/www.lesgets.com\\\/en\\\/#website\",\"url\":\"https:\\\/\\\/www.lesgets.com\\\/en\\\/\",\"name\":\"Les Gets\",\"description\":\"\",\"publisher\":{\"@id\":\"https:\\\/\\\/www.lesgets.com\\\/en\\\/#organization\"},\"potentialAction\":[{\"@type\":\"SearchAction\",\"target\":{\"@type\":\"EntryPoint\",\"urlTemplate\":\"https:\\\/\\\/www.lesgets.com\\\/en\\\/?s={search_term_string}\"},\"query-input\":{\"@type\":\"PropertyValueSpecification\",\"valueRequired\":true,\"valueName\":\"search_term_string\"}}],\"inLanguage\":\"en-US\"},{\"@type\":\"Organization\",\"@id\":\"https:\\\/\\\/www.lesgets.com\\\/en\\\/#organization\",\"name\":\"Les Gets\",\"url\":\"https:\\\/\\\/www.lesgets.com\\\/en\\\/\",\"logo\":{\"@type\":\"ImageObject\",\"inLanguage\":\"en-US\",\"@id\":\"https:\\\/\\\/www.lesgets.com\\\/en\\\/#\\\/schema\\\/logo\\\/image\\\/\",\"url\":\"https:\\\/\\\/www.lesgets.com\\\/wp\\\/..\\\/app\\\/uploads\\\/2020\\\/06\\\/logo_lesgets.png\",\"contentUrl\":\"https:\\\/\\\/www.lesgets.com\\\/wp\\\/..\\\/app\\\/uploads\\\/2020\\\/06\\\/logo_lesgets.png\",\"width\":136,\"height\":115,\"caption\":\"Les Gets\"},\"image\":{\"@id\":\"https:\\\/\\\/www.lesgets.com\\\/en\\\/#\\\/schema\\\/logo\\\/image\\\/\"}},{\"@type\":\"Person\",\"@id\":\"https:\\\/\\\/www.lesgets.com\\\/en\\\/#\\\/schema\\\/person\\\/01e8d23bf82e05b992d28a7e48bfb3bc\",\"name\":\"sarah\",\"image\":{\"@type\":\"ImageObject\",\"inLanguage\":\"en-US\",\"@id\":\"https:\\\/\\\/secure.gravatar.com\\\/avatar\\\/b5e5f6ba7b0d9d7286a1b766f4fa5cd5f1a9d8a0a079228036a9832627092259?s=96&d=mm&r=g\",\"url\":\"https:\\\/\\\/secure.gravatar.com\\\/avatar\\\/b5e5f6ba7b0d9d7286a1b766f4fa5cd5f1a9d8a0a079228036a9832627092259?s=96&d=mm&r=g\",\"contentUrl\":\"https:\\\/\\\/secure.gravatar.com\\\/avatar\\\/b5e5f6ba7b0d9d7286a1b766f4fa5cd5f1a9d8a0a079228036a9832627092259?s=96&d=mm&r=g\",\"caption\":\"sarah\"},\"url\":\"https:\\\/\\\/www.lesgets.com\\\/en\\\/blog\\\/author\\\/sarah\\\/\"}]}<\/script>\n<!-- \/ Yoast SEO plugin. -->","yoast_head_json":{"title":"New Downhill track for the 2021 World Cup - 2021UCI MTB World Cup - Les Gets","description":"2021 UCI MTB World Cup: a brand new Downhill (DHI) track with fast and technical sections and a great finish!","robots":{"index":"index","follow":"follow","max-snippet":"max-snippet:-1","max-image-preview":"max-image-preview:large","max-video-preview":"max-video-preview:-1"},"canonical":"https:\/\/www.lesgets.com\/en\/blog\/new-downhill-track-for-the-2021-world-cup\/","og_locale":"en_US","og_type":"article","og_title":"New Downhill track for the 2021 World Cup - 2021UCI MTB World Cup - Les Gets","og_description":"2021 UCI MTB World Cup: a brand new Downhill (DHI) track with fast and technical sections and a great finish!","og_url":"https:\/\/www.lesgets.com\/en\/blog\/new-downhill-track-for-the-2021-world-cup\/","og_site_name":"Les Gets","article_published_time":"2021-06-29T13:23:38+00:00","article_modified_time":"2021-08-31T07:43:09+00:00","og_image":[{"width":1920,"height":1280,"url":"https:\/\/www.lesgets.com\/..\/app\/uploads\/2021\/06\/2021_06_14_wclg_travaux_dh_track_LD_LesGets_MelCarle_IMG_0240.jpg","type":"image\/jpeg"}],"author":"sarah","twitter_card":"summary_large_image","twitter_misc":{"Written by":"sarah","Est. reading time":"3 minutes"},"schema":{"@context":"https:\/\/schema.org","@graph":[{"@type":"Article","@id":"https:\/\/www.lesgets.com\/en\/blog\/new-downhill-track-for-the-2021-world-cup\/#article","isPartOf":{"@id":"https:\/\/www.lesgets.com\/en\/blog\/new-downhill-track-for-the-2021-world-cup\/"},"author":{"name":"sarah","@id":"https:\/\/www.lesgets.com\/en\/#\/schema\/person\/01e8d23bf82e05b992d28a7e48bfb3bc"},"headline":"New Downhill track for the 2021 World Cup","datePublished":"2021-06-29T13:23:38+00:00","dateModified":"2021-08-31T07:43:09+00:00","mainEntityOfPage":{"@id":"https:\/\/www.lesgets.com\/en\/blog\/new-downhill-track-for-the-2021-world-cup\/"},"wordCount":653,"publisher":{"@id":"https:\/\/www.lesgets.com\/en\/#organization"},"image":{"@id":"https:\/\/www.lesgets.com\/en\/blog\/new-downhill-track-for-the-2021-world-cup\/#primaryimage"},"thumbnailUrl":"https:\/\/www.lesgets.com\/wp\/..\/app\/uploads\/2021\/06\/2021_06_14_wclg_travaux_dh_track_LD_LesGets_MelCarle_IMG_0240.jpg","articleSection":["MTB World Cup"],"inLanguage":"en-US"},{"@type":"WebPage","@id":"https:\/\/www.lesgets.com\/en\/blog\/new-downhill-track-for-the-2021-world-cup\/","url":"https:\/\/www.lesgets.com\/en\/blog\/new-downhill-track-for-the-2021-world-cup\/","name":"New Downhill track for the 2021 World Cup - 2021UCI MTB World Cup - Les Gets","isPartOf":{"@id":"https:\/\/www.lesgets.com\/en\/#website"},"primaryImageOfPage":{"@id":"https:\/\/www.lesgets.com\/en\/blog\/new-downhill-track-for-the-2021-world-cup\/#primaryimage"},"image":{"@id":"https:\/\/www.lesgets.com\/en\/blog\/new-downhill-track-for-the-2021-world-cup\/#primaryimage"},"thumbnailUrl":"https:\/\/www.lesgets.com\/wp\/..\/app\/uploads\/2021\/06\/2021_06_14_wclg_travaux_dh_track_LD_LesGets_MelCarle_IMG_0240.jpg","datePublished":"2021-06-29T13:23:38+00:00","dateModified":"2021-08-31T07:43:09+00:00","description":"2021 UCI MTB World Cup: a brand new Downhill (DHI) track with fast and technical sections and a great finish!","breadcrumb":{"@id":"https:\/\/www.lesgets.com\/en\/blog\/new-downhill-track-for-the-2021-world-cup\/#breadcrumb"},"inLanguage":"en-US","potentialAction":[{"@type":"ReadAction","target":["https:\/\/www.lesgets.com\/en\/blog\/new-downhill-track-for-the-2021-world-cup\/"]}]},{"@type":"ImageObject","inLanguage":"en-US","@id":"https:\/\/www.lesgets.com\/en\/blog\/new-downhill-track-for-the-2021-world-cup\/#primaryimage","url":"https:\/\/www.lesgets.com\/wp\/..\/app\/uploads\/2021\/06\/2021_06_14_wclg_travaux_dh_track_LD_LesGets_MelCarle_IMG_0240.jpg","contentUrl":"https:\/\/www.lesgets.com\/wp\/..\/app\/uploads\/2021\/06\/2021_06_14_wclg_travaux_dh_track_LD_LesGets_MelCarle_IMG_0240.jpg","width":1920,"height":1280},{"@type":"BreadcrumbList","@id":"https:\/\/www.lesgets.com\/en\/blog\/new-downhill-track-for-the-2021-world-cup\/#breadcrumb","itemListElement":[{"@type":"ListItem","position":1,"name":"Home","item":"https:\/\/www.lesgets.com\/en\/"},{"@type":"ListItem","position":2,"name":"Coupe du Monde VTT","item":"https:\/\/www.lesgets.com\/blogs\/coupe-du-monde-vtt\/"},{"@type":"ListItem","position":3,"name":"New Downhill track for the 2021 World Cup"}]},{"@type":"WebSite","@id":"https:\/\/www.lesgets.com\/en\/#website","url":"https:\/\/www.lesgets.com\/en\/","name":"Les Gets","description":"","publisher":{"@id":"https:\/\/www.lesgets.com\/en\/#organization"},"potentialAction":[{"@type":"SearchAction","target":{"@type":"EntryPoint","urlTemplate":"https:\/\/www.lesgets.com\/en\/?s={search_term_string}"},"query-input":{"@type":"PropertyValueSpecification","valueRequired":true,"valueName":"search_term_string"}}],"inLanguage":"en-US"},{"@type":"Organization","@id":"https:\/\/www.lesgets.com\/en\/#organization","name":"Les Gets","url":"https:\/\/www.lesgets.com\/en\/","logo":{"@type":"ImageObject","inLanguage":"en-US","@id":"https:\/\/www.lesgets.com\/en\/#\/schema\/logo\/image\/","url":"https:\/\/www.lesgets.com\/wp\/..\/app\/uploads\/2020\/06\/logo_lesgets.png","contentUrl":"https:\/\/www.lesgets.com\/wp\/..\/app\/uploads\/2020\/06\/logo_lesgets.png","width":136,"height":115,"caption":"Les Gets"},"image":{"@id":"https:\/\/www.lesgets.com\/en\/#\/schema\/logo\/image\/"}},{"@type":"Person","@id":"https:\/\/www.lesgets.com\/en\/#\/schema\/person\/01e8d23bf82e05b992d28a7e48bfb3bc","name":"sarah","image":{"@type":"ImageObject","inLanguage":"en-US","@id":"https:\/\/secure.gravatar.com\/avatar\/b5e5f6ba7b0d9d7286a1b766f4fa5cd5f1a9d8a0a079228036a9832627092259?s=96&d=mm&r=g","url":"https:\/\/secure.gravatar.com\/avatar\/b5e5f6ba7b0d9d7286a1b766f4fa5cd5f1a9d8a0a079228036a9832627092259?s=96&d=mm&r=g","contentUrl":"https:\/\/secure.gravatar.com\/avatar\/b5e5f6ba7b0d9d7286a1b766f4fa5cd5f1a9d8a0a079228036a9832627092259?s=96&d=mm&r=g","caption":"sarah"},"url":"https:\/\/www.lesgets.com\/en\/blog\/author\/sarah\/"}]}},"featured_image_src":"https:\/\/www.lesgets.com\/wp\/..\/app\/uploads\/2021\/06\/2021_06_14_wclg_travaux_dh_track_LD_LesGets_MelCarle_IMG_0240.jpg","featured_image_src_square":"https:\/\/www.lesgets.com\/wp\/..\/app\/uploads\/2021\/06\/2021_06_14_wclg_travaux_dh_track_LD_LesGets_MelCarle_IMG_0240.jpg","author_info":{"display_name":"sarah","author_link":"https:\/\/www.lesgets.com\/en\/blog\/author\/sarah\/"},"amp_enabled":true,"_links":{"self":[{"href":"https:\/\/www.lesgets.com\/en\/wp-json\/wp\/v2\/posts\/29260","targetHints":{"allow":["GET"]}}],"collection":[{"href":"https:\/\/www.lesgets.com\/en\/wp-json\/wp\/v2\/posts"}],"about":[{"href":"https:\/\/www.lesgets.com\/en\/wp-json\/wp\/v2\/types\/post"}],"author":[{"embeddable":true,"href":"https:\/\/www.lesgets.com\/en\/wp-json\/wp\/v2\/users\/4"}],"replies":[{"embeddable":true,"href":"https:\/\/www.lesgets.com\/en\/wp-json\/wp\/v2\/comments?post=29260"}],"version-history":[{"count":5,"href":"https:\/\/www.lesgets.com\/en\/wp-json\/wp\/v2\/posts\/29260\/revisions"}],"predecessor-version":[{"id":31840,"href":"https:\/\/www.lesgets.com\/en\/wp-json\/wp\/v2\/posts\/29260\/revisions\/31840"}],"wp:featuredmedia":[{"embeddable":true,"href":"https:\/\/www.lesgets.com\/en\/wp-json\/wp\/v2\/media\/29218"}],"wp:attachment":[{"href":"https:\/\/www.lesgets.com\/en\/wp-json\/wp\/v2\/media?parent=29260"}],"wp:term":[{"taxonomy":"category","embeddable":true,"href":"https:\/\/www.lesgets.com\/en\/wp-json\/wp\/v2\/categories?post=29260"},{"taxonomy":"post_tag","embeddable":true,"href":"https:\/\/www.lesgets.com\/en\/wp-json\/wp\/v2\/tags?post=29260"}],"curies":[{"name":"wp","href":"https:\/\/api.w.org\/{rel}","templated":true}]}}