{"id":42099,"date":"2023-05-25T16:19:39","date_gmt":"2023-05-25T14:19:39","guid":{"rendered":"https:\/\/www.lesgets.com\/actualite\/les-gets-ville-a-velo-du-tour-de-france\/"},"modified":"2023-05-25T16:22:20","modified_gmt":"2023-05-25T14:22:20","slug":"les-gets-ville-a-velo-van-de-tour-de-france","status":"publish","type":"actualite","link":"https:\/\/www.lesgets.com\/nl\/actualite\/les-gets-ville-a-velo-van-de-tour-de-france\/","title":{"rendered":"Les Gets, &#8216;Ville \u00e0 V\u00e9lo&#8217; van de Tour de France"},"content":{"rendered":"<div class=\"block block-core-heading\">\n<h3 class=\"wp-block-heading\"><em>Drie fietsen voor Les Gets!\u00a0\u00a0\u00a0\u00a0<\/em><\/h3>\n<\/div>\n\n<div class=\"block block-core-paragraph\">\n<p>Sinds 2021 hanteert het label &#8216;Ville \u00e0 V\u00e9lo du Tour de France&#8217; een unieke benadering: het geeft lokale autoriteiten die ten minste \u00e9\u00e9n keer de Tour de France of de Tour de France Femmes avec Zwift hebben verwelkomd, de mogelijkheid om het hele promotiebeleid voor fietsen als dagelijks vervoermiddel, recreatieve activiteit of competitie in de streek te laten evalueren.<br>\u00a0Het label is in vier niveaus onderverdeeld, die worden weergegeven door kleine gele fietsen op de borden die de gemeente binnenkort bij de ingangen van de gemeente zal plaatsen.<\/p>\n<\/div>\n\n\n<figure class=\"wp-block-image size-full\"><img loading=\"lazy\" decoding=\"async\" width=\"11812\" height=\"4725\" src=\"https:\/\/www.lesgets.com\/wp\/..\/app\/uploads\/2023\/05\/PANNEAU_VILLE_A_VELO-2023_3-VELOS_CMYK.jpg\" alt=\"\" class=\"wp-image-41894\"\/><\/figure>\n\n\n<div class=\"block block-core-heading\">\n<h3 class=\"wp-block-heading\">Les Gets, fietsgebied en ideaal basiskamp voor fietsers<\/h3>\n<\/div>\n\n<div class=\"block block-core-paragraph\">\n<p>Crossfiets, enduro, wegfiets of elektrische fiets \u2026 Skistation Les Gets is een pionier op het gebied van fietsactiviteiten sinds 1992! Het is momenteel een van de belangrijke locaties wereldwijd voor crossfietsen, met een uitzonderlijk Bike Park met bijna 80 km aangegeven pistes en infrastructuren voor elk niveau.<br>Op de pistes van Les Gets kwamen de afgelopen decennia de grootste crossfietsers ter wereld tegen elkaar uit. Veel belangrijke evenementen hebben de basis gelegd voor de internationale bekendheid van het skistation en er een onontkoombare spot voor de crossfietsplaneet van gemaakt, onder andere dankzij de wereldkampioenschappen in 2004 en 2022. Niet voor niets bezit de gemeente Les Gets het label Terre de Jeux 2024.<br><br>Les Gets heeft zich als eerste Europese skistation uitgerust met een aantal elektrische fietsen in zelfbediening: de Getslib\u2019. Bewoners en bezoekers kunnen sinds 2012 gebruikmaken van elektrische fietsen voor hun verplaatsingen in het dorp, waarbij het eerste half uur gratis is (aangeboden door de gemeente!). Het dorpscentrum is ingericht met fietspaden en er zijn specifieke diensten voor fietsers beschikbaar (fietsverhuur, reparatie, les &#8230;).<br>Ook vermeldenswaard is het feit dat de fietsers regelmatig over de Col des Gets rijden, de eerste op de Route des Grandes Alpes en dat de Crit\u00e9rium du Dauphin\u00e9 het skistation tweemaal heeft aangedaan, waarvan de eerste keer met een finish bovenaan de &#8216;klim van de Ch\u00e9ry&#8217;. De streek is trouwens bekend om de aanwezigheid van een groot aantal bergpassen in de omgeving, die door de grootste kampioenen beklommen zijn (Joux Plane, Ramaz \u2026).<br><br>Het station is dus een ideaal basiskamp om de prachtige routes te verkennen waar enthousiaste fietsers van genieten. Om het fietsaanbod af te ronden, is het skistation natuurlijk lid van het nationale merk &#8216;Acceuil V\u00e9lo&#8217;, waarvan het label opnieuw bevestigd is.<br><br>Dankzij deze betrokkenheid bij sportief en recreatief fietsen is het station onderscheiden met 3 van de 4 fietsen van het label &#8216;Ville \u00e0 V\u00e9lo&#8217;. Dat is een mooie prestatie: alleen grote steden als Parijs, Bordeaux, Kopenhagen (Denemarken) en Vitoria-Gasteiz (Spanje) hebben niveau 4 bereikt. Deze gele fietsen worden aangebracht op de borden die aan de ingang van de gemeente staan.<br><br>We hopen u op zondag 16 juli te zien om het vertrek van de 16e etappe van de Tour de France mee te beleven!<\/p>\n<\/div>\n\n\n<figure class=\"wp-block-image size-full\"><img loading=\"lazy\" decoding=\"async\" width=\"1920\" height=\"1280\" src=\"https:\/\/www.lesgets.com\/wp\/..\/app\/uploads\/2023\/05\/2021_07_29_rues_village_getslib_LD_LesGets_MelCarle_IMG_1600.jpg\" alt=\"\" class=\"wp-image-41891\" srcset=\"https:\/\/www.lesgets.com\/wp\/..\/app\/uploads\/2023\/05\/2021_07_29_rues_village_getslib_LD_LesGets_MelCarle_IMG_1600.jpg 1920w, https:\/\/www.lesgets.com\/wp\/..\/app\/uploads\/2023\/05\/2021_07_29_rues_village_getslib_LD_LesGets_MelCarle_IMG_1600-768x512.jpg 768w, https:\/\/www.lesgets.com\/wp\/..\/app\/uploads\/2023\/05\/2021_07_29_rues_village_getslib_LD_LesGets_MelCarle_IMG_1600-1536x1024.jpg 1536w, https:\/\/www.lesgets.com\/wp\/..\/app\/uploads\/2023\/05\/2021_07_29_rues_village_getslib_LD_LesGets_MelCarle_IMG_1600-600x400.jpg 600w, https:\/\/www.lesgets.com\/wp\/..\/app\/uploads\/2023\/05\/2021_07_29_rues_village_getslib_LD_LesGets_MelCarle_IMG_1600-960x640.jpg 960w\" sizes=\"auto, (max-width: 1920px) 100vw, 1920px\" \/><\/figure>\n","protected":false},"excerpt":{"rendered":"<p>Les Gets, &#8220;Ville \u00e0 V\u00e9lo&#8221; van de Tour de France, krijgt 3 fietsen! Het resort is het ideale basiskamp voor fietsers.<\/p>\n","protected":false},"featured_media":39746,"template":"","categorie_actualite":[271],"class_list":["post-42099","actualite","type-actualite","status-publish","has-post-thumbnail","hentry","categorie_actualite-tour-de-france-nl"],"acf":[],"yoast_head":"<!-- This site is optimized with the Yoast SEO plugin v27.3 - https:\/\/yoast.com\/product\/yoast-seo-wordpress\/ -->\n<title>Les Gets, &#039;Ville \u00e0 V\u00e9lo&#039; van de Tour de France - Les Gets<\/title>\n<meta name=\"description\" content=\"Les Gets, &quot;Ville \u00e0 V\u00e9lo&quot; van de Tour de France, krijgt 3 fietsen! Het resort is het ideale basiskamp voor fietsers.\" \/>\n<meta name=\"robots\" content=\"index, follow, max-snippet:-1, max-image-preview:large, max-video-preview:-1\" \/>\n<link rel=\"canonical\" href=\"https:\/\/www.lesgets.com\/nl\/actualite\/les-gets-ville-a-velo-van-de-tour-de-france\/\" \/>\n<meta property=\"og:locale\" content=\"nl_NL\" \/>\n<meta property=\"og:type\" content=\"article\" \/>\n<meta property=\"og:title\" content=\"Les Gets, &#039;Ville \u00e0 V\u00e9lo&#039; van de Tour de France - Les Gets\" \/>\n<meta property=\"og:description\" content=\"Les Gets, &quot;Ville \u00e0 V\u00e9lo&quot; van de Tour de France, krijgt 3 fietsen! Het resort is het ideale basiskamp voor fietsers.\" \/>\n<meta property=\"og:url\" content=\"https:\/\/www.lesgets.com\/nl\/actualite\/les-gets-ville-a-velo-van-de-tour-de-france\/\" \/>\n<meta property=\"og:site_name\" content=\"Les Gets\" \/>\n<meta property=\"article:modified_time\" content=\"2023-05-25T14:22:20+00:00\" \/>\n<meta property=\"og:image\" content=\"https:\/\/www.lesgets.com\/wp\/..\/app\/uploads\/2023\/01\/2018_09_21_Cyclisme_velo_route_Lesgets_Keno_Photographie_6065_LD-scaled.jpg\" \/>\n\t<meta property=\"og:image:width\" content=\"2560\" \/>\n\t<meta property=\"og:image:height\" content=\"1707\" \/>\n\t<meta property=\"og:image:type\" content=\"image\/jpeg\" \/>\n<meta name=\"twitter:card\" content=\"summary_large_image\" \/>\n<meta name=\"twitter:label1\" content=\"Est. reading time\" \/>\n\t<meta name=\"twitter:data1\" content=\"3 minutes\" \/>\n<script type=\"application\/ld+json\" class=\"yoast-schema-graph\">{\"@context\":\"https:\\\/\\\/schema.org\",\"@graph\":[{\"@type\":\"WebPage\",\"@id\":\"https:\\\/\\\/www.lesgets.com\\\/nl\\\/actualite\\\/les-gets-ville-a-velo-van-de-tour-de-france\\\/\",\"url\":\"https:\\\/\\\/www.lesgets.com\\\/nl\\\/actualite\\\/les-gets-ville-a-velo-van-de-tour-de-france\\\/\",\"name\":\"Les Gets, 'Ville \u00e0 V\u00e9lo' van de Tour de France - Les Gets\",\"isPartOf\":{\"@id\":\"https:\\\/\\\/www.lesgets.com\\\/en\\\/#website\"},\"primaryImageOfPage\":{\"@id\":\"https:\\\/\\\/www.lesgets.com\\\/nl\\\/actualite\\\/les-gets-ville-a-velo-van-de-tour-de-france\\\/#primaryimage\"},\"image\":{\"@id\":\"https:\\\/\\\/www.lesgets.com\\\/nl\\\/actualite\\\/les-gets-ville-a-velo-van-de-tour-de-france\\\/#primaryimage\"},\"thumbnailUrl\":\"https:\\\/\\\/www.lesgets.com\\\/wp\\\/..\\\/app\\\/uploads\\\/2023\\\/01\\\/2018_09_21_Cyclisme_velo_route_Lesgets_Keno_Photographie_6065_LD-scaled.jpg\",\"datePublished\":\"2023-05-25T14:19:39+00:00\",\"dateModified\":\"2023-05-25T14:22:20+00:00\",\"description\":\"Les Gets, \\\"Ville \u00e0 V\u00e9lo\\\" van de Tour de France, krijgt 3 fietsen! Het resort is het ideale basiskamp voor fietsers.\",\"breadcrumb\":{\"@id\":\"https:\\\/\\\/www.lesgets.com\\\/nl\\\/actualite\\\/les-gets-ville-a-velo-van-de-tour-de-france\\\/#breadcrumb\"},\"inLanguage\":\"nl-NL\",\"potentialAction\":[{\"@type\":\"ReadAction\",\"target\":[\"https:\\\/\\\/www.lesgets.com\\\/nl\\\/actualite\\\/les-gets-ville-a-velo-van-de-tour-de-france\\\/\"]}]},{\"@type\":\"ImageObject\",\"inLanguage\":\"nl-NL\",\"@id\":\"https:\\\/\\\/www.lesgets.com\\\/nl\\\/actualite\\\/les-gets-ville-a-velo-van-de-tour-de-france\\\/#primaryimage\",\"url\":\"https:\\\/\\\/www.lesgets.com\\\/wp\\\/..\\\/app\\\/uploads\\\/2023\\\/01\\\/2018_09_21_Cyclisme_velo_route_Lesgets_Keno_Photographie_6065_LD-scaled.jpg\",\"contentUrl\":\"https:\\\/\\\/www.lesgets.com\\\/wp\\\/..\\\/app\\\/uploads\\\/2023\\\/01\\\/2018_09_21_Cyclisme_velo_route_Lesgets_Keno_Photographie_6065_LD-scaled.jpg\",\"width\":2560,\"height\":1707},{\"@type\":\"BreadcrumbList\",\"@id\":\"https:\\\/\\\/www.lesgets.com\\\/nl\\\/actualite\\\/les-gets-ville-a-velo-van-de-tour-de-france\\\/#breadcrumb\",\"itemListElement\":[{\"@type\":\"ListItem\",\"position\":1,\"name\":\"Accueil\",\"item\":\"https:\\\/\\\/www.lesgets.com\\\/nl\\\/\"},{\"@type\":\"ListItem\",\"position\":2,\"name\":\"Tour de France\",\"item\":\"https:\\\/\\\/www.lesgets.com\\\/nl\\\/actualites\\\/tour-de-france-nl\\\/\"},{\"@type\":\"ListItem\",\"position\":3,\"name\":\"Les Gets, &#8216;Ville \u00e0 V\u00e9lo&#8217; van de Tour de France\"}]},{\"@type\":\"WebSite\",\"@id\":\"https:\\\/\\\/www.lesgets.com\\\/en\\\/#website\",\"url\":\"https:\\\/\\\/www.lesgets.com\\\/en\\\/\",\"name\":\"Les Gets\",\"description\":\"\",\"publisher\":{\"@id\":\"https:\\\/\\\/www.lesgets.com\\\/en\\\/#organization\"},\"potentialAction\":[{\"@type\":\"SearchAction\",\"target\":{\"@type\":\"EntryPoint\",\"urlTemplate\":\"https:\\\/\\\/www.lesgets.com\\\/en\\\/?s={search_term_string}\"},\"query-input\":{\"@type\":\"PropertyValueSpecification\",\"valueRequired\":true,\"valueName\":\"search_term_string\"}}],\"inLanguage\":\"nl-NL\"},{\"@type\":\"Organization\",\"@id\":\"https:\\\/\\\/www.lesgets.com\\\/en\\\/#organization\",\"name\":\"Les Gets\",\"url\":\"https:\\\/\\\/www.lesgets.com\\\/en\\\/\",\"logo\":{\"@type\":\"ImageObject\",\"inLanguage\":\"nl-NL\",\"@id\":\"https:\\\/\\\/www.lesgets.com\\\/en\\\/#\\\/schema\\\/logo\\\/image\\\/\",\"url\":\"https:\\\/\\\/www.lesgets.com\\\/wp\\\/..\\\/app\\\/uploads\\\/2020\\\/06\\\/logo_lesgets.png\",\"contentUrl\":\"https:\\\/\\\/www.lesgets.com\\\/wp\\\/..\\\/app\\\/uploads\\\/2020\\\/06\\\/logo_lesgets.png\",\"width\":136,\"height\":115,\"caption\":\"Les Gets\"},\"image\":{\"@id\":\"https:\\\/\\\/www.lesgets.com\\\/en\\\/#\\\/schema\\\/logo\\\/image\\\/\"}}]}<\/script>\n<!-- \/ Yoast SEO plugin. -->","yoast_head_json":{"title":"Les Gets, 'Ville \u00e0 V\u00e9lo' van de Tour de France - Les Gets","description":"Les Gets, \"Ville \u00e0 V\u00e9lo\" van de Tour de France, krijgt 3 fietsen! Het resort is het ideale basiskamp voor fietsers.","robots":{"index":"index","follow":"follow","max-snippet":"max-snippet:-1","max-image-preview":"max-image-preview:large","max-video-preview":"max-video-preview:-1"},"canonical":"https:\/\/www.lesgets.com\/nl\/actualite\/les-gets-ville-a-velo-van-de-tour-de-france\/","og_locale":"nl_NL","og_type":"article","og_title":"Les Gets, 'Ville \u00e0 V\u00e9lo' van de Tour de France - Les Gets","og_description":"Les Gets, \"Ville \u00e0 V\u00e9lo\" van de Tour de France, krijgt 3 fietsen! Het resort is het ideale basiskamp voor fietsers.","og_url":"https:\/\/www.lesgets.com\/nl\/actualite\/les-gets-ville-a-velo-van-de-tour-de-france\/","og_site_name":"Les Gets","article_modified_time":"2023-05-25T14:22:20+00:00","og_image":[{"width":2560,"height":1707,"url":"https:\/\/www.lesgets.com\/wp\/..\/app\/uploads\/2023\/01\/2018_09_21_Cyclisme_velo_route_Lesgets_Keno_Photographie_6065_LD-scaled.jpg","type":"image\/jpeg"}],"twitter_card":"summary_large_image","twitter_misc":{"Est. reading time":"3 minutes"},"schema":{"@context":"https:\/\/schema.org","@graph":[{"@type":"WebPage","@id":"https:\/\/www.lesgets.com\/nl\/actualite\/les-gets-ville-a-velo-van-de-tour-de-france\/","url":"https:\/\/www.lesgets.com\/nl\/actualite\/les-gets-ville-a-velo-van-de-tour-de-france\/","name":"Les Gets, 'Ville \u00e0 V\u00e9lo' van de Tour de France - Les Gets","isPartOf":{"@id":"https:\/\/www.lesgets.com\/en\/#website"},"primaryImageOfPage":{"@id":"https:\/\/www.lesgets.com\/nl\/actualite\/les-gets-ville-a-velo-van-de-tour-de-france\/#primaryimage"},"image":{"@id":"https:\/\/www.lesgets.com\/nl\/actualite\/les-gets-ville-a-velo-van-de-tour-de-france\/#primaryimage"},"thumbnailUrl":"https:\/\/www.lesgets.com\/wp\/..\/app\/uploads\/2023\/01\/2018_09_21_Cyclisme_velo_route_Lesgets_Keno_Photographie_6065_LD-scaled.jpg","datePublished":"2023-05-25T14:19:39+00:00","dateModified":"2023-05-25T14:22:20+00:00","description":"Les Gets, \"Ville \u00e0 V\u00e9lo\" van de Tour de France, krijgt 3 fietsen! Het resort is het ideale basiskamp voor fietsers.","breadcrumb":{"@id":"https:\/\/www.lesgets.com\/nl\/actualite\/les-gets-ville-a-velo-van-de-tour-de-france\/#breadcrumb"},"inLanguage":"nl-NL","potentialAction":[{"@type":"ReadAction","target":["https:\/\/www.lesgets.com\/nl\/actualite\/les-gets-ville-a-velo-van-de-tour-de-france\/"]}]},{"@type":"ImageObject","inLanguage":"nl-NL","@id":"https:\/\/www.lesgets.com\/nl\/actualite\/les-gets-ville-a-velo-van-de-tour-de-france\/#primaryimage","url":"https:\/\/www.lesgets.com\/wp\/..\/app\/uploads\/2023\/01\/2018_09_21_Cyclisme_velo_route_Lesgets_Keno_Photographie_6065_LD-scaled.jpg","contentUrl":"https:\/\/www.lesgets.com\/wp\/..\/app\/uploads\/2023\/01\/2018_09_21_Cyclisme_velo_route_Lesgets_Keno_Photographie_6065_LD-scaled.jpg","width":2560,"height":1707},{"@type":"BreadcrumbList","@id":"https:\/\/www.lesgets.com\/nl\/actualite\/les-gets-ville-a-velo-van-de-tour-de-france\/#breadcrumb","itemListElement":[{"@type":"ListItem","position":1,"name":"Accueil","item":"https:\/\/www.lesgets.com\/nl\/"},{"@type":"ListItem","position":2,"name":"Tour de France","item":"https:\/\/www.lesgets.com\/nl\/actualites\/tour-de-france-nl\/"},{"@type":"ListItem","position":3,"name":"Les Gets, &#8216;Ville \u00e0 V\u00e9lo&#8217; van de Tour de France"}]},{"@type":"WebSite","@id":"https:\/\/www.lesgets.com\/en\/#website","url":"https:\/\/www.lesgets.com\/en\/","name":"Les Gets","description":"","publisher":{"@id":"https:\/\/www.lesgets.com\/en\/#organization"},"potentialAction":[{"@type":"SearchAction","target":{"@type":"EntryPoint","urlTemplate":"https:\/\/www.lesgets.com\/en\/?s={search_term_string}"},"query-input":{"@type":"PropertyValueSpecification","valueRequired":true,"valueName":"search_term_string"}}],"inLanguage":"nl-NL"},{"@type":"Organization","@id":"https:\/\/www.lesgets.com\/en\/#organization","name":"Les Gets","url":"https:\/\/www.lesgets.com\/en\/","logo":{"@type":"ImageObject","inLanguage":"nl-NL","@id":"https:\/\/www.lesgets.com\/en\/#\/schema\/logo\/image\/","url":"https:\/\/www.lesgets.com\/wp\/..\/app\/uploads\/2020\/06\/logo_lesgets.png","contentUrl":"https:\/\/www.lesgets.com\/wp\/..\/app\/uploads\/2020\/06\/logo_lesgets.png","width":136,"height":115,"caption":"Les Gets"},"image":{"@id":"https:\/\/www.lesgets.com\/en\/#\/schema\/logo\/image\/"}}]}},"amp_enabled":true,"_links":{"self":[{"href":"https:\/\/www.lesgets.com\/nl\/wp-json\/wp\/v2\/actualite\/42099","targetHints":{"allow":["GET"]}}],"collection":[{"href":"https:\/\/www.lesgets.com\/nl\/wp-json\/wp\/v2\/actualite"}],"about":[{"href":"https:\/\/www.lesgets.com\/nl\/wp-json\/wp\/v2\/types\/actualite"}],"wp:featuredmedia":[{"embeddable":true,"href":"https:\/\/www.lesgets.com\/nl\/wp-json\/wp\/v2\/media\/39746"}],"wp:attachment":[{"href":"https:\/\/www.lesgets.com\/nl\/wp-json\/wp\/v2\/media?parent=42099"}],"wp:term":[{"taxonomy":"categorie_actualite","embeddable":true,"href":"https:\/\/www.lesgets.com\/nl\/wp-json\/wp\/v2\/categorie_actualite?post=42099"}],"curies":[{"name":"wp","href":"https:\/\/api.w.org\/{rel}","templated":true}]}}