{"id":20044,"date":"2020-09-25T14:08:09","date_gmt":"2020-09-25T12:08:09","guid":{"rendered":"https:\/\/www.lesgets.com\/5-good-reasons-to-head-to-the-mountains-this-autumn\/"},"modified":"2021-08-31T09:42:53","modified_gmt":"2021-08-31T07:42:53","slug":"5-good-reasons-to-head-to-the-mountains-this-autumn","status":"publish","type":"post","link":"https:\/\/www.lesgets.com\/nl\/blog\/5-good-reasons-to-head-to-the-mountains-this-autumn\/","title":{"rendered":"5 good reasons to head to the mountains this autumn"},"content":{"rendered":"<p>The morning mist, the blazing colours, the shaving sun, the multicoloured carpets of leaves, the smells of rain, pine and humus\u2026 It is all these little things that give autumn its charm and character.<\/p>\n<p>If you are still hesitating to get out of your sofa, we give you <strong>5 good reasons<\/strong> to jump <strong><a href=\"https:\/\/www.lesgets.com\/nl\/ontdek-het-skigebied\/bergstation\/toegang\/\" target=\"_blank\" rel=\"noopener noreferrer\">in your car, on a train or a bus<\/a> <\/strong>to discover the wonders of the mountains in autumn.<\/p>\n\n<div class=\"block block-core-spacer\">\n<div style=\"height:30px\" aria-hidden=\"true\" class=\"wp-block-spacer\"><\/div>\n<\/div>\n\n<div class=\"block block-core-heading\">\n<h2 class=\"wp-block-heading\">1 &#8211; <strong>Recharge your batteries<\/strong> in the open air<\/h2>\n<\/div>\n\n<div class=\"block block-core-spacer\">\n<div style=\"height:20px\" aria-hidden=\"true\" class=\"wp-block-spacer\"><\/div>\n<\/div>\n\n<div class=\"block block-core-columns\">\n<div class=\"wp-block-columns is-layout-flex wp-container-core-columns-is-layout-9d6595d7 wp-block-columns-is-layout-flex\"><div class=\"block block-core-column\">\n<div class=\"wp-block-column is-layout-flow wp-block-column-is-layout-flow\" style=\"flex-basis:40%\">\n<figure class=\"wp-block-image size-large\"><img loading=\"lazy\" decoding=\"async\" width=\"962\" height=\"1283\" src=\"https:\/\/www.lesgets.com\/app\/uploads\/2020\/09\/2020-05_rando_Jacquicourt_Les_Gets_V.Ducrettet_portrait-2.jpg\" alt=\"randonn\u00e9e dans les bois en \u00e9t\u00e9 aux Gets\" class=\"wp-image-19843\" srcset=\"https:\/\/www.lesgets.com\/wp\/..\/app\/uploads\/2020\/09\/2020-05_rando_Jacquicourt_Les_Gets_V.Ducrettet_portrait-2.jpg 962w, https:\/\/www.lesgets.com\/wp\/..\/app\/uploads\/2020\/09\/2020-05_rando_Jacquicourt_Les_Gets_V.Ducrettet_portrait-2-768x1024.jpg 768w, https:\/\/www.lesgets.com\/wp\/..\/app\/uploads\/2020\/09\/2020-05_rando_Jacquicourt_Les_Gets_V.Ducrettet_portrait-2-960x1280.jpg 960w\" sizes=\"auto, (max-width: 962px) 100vw, 962px\" \/><\/figure>\n<\/div>\n<\/div>\n\n<div class=\"block block-core-column\">\n<div class=\"wp-block-column is-layout-flow wp-block-column-is-layout-flow\" style=\"flex-basis:60%\">\n<figure class=\"wp-block-image size-large\"><img loading=\"lazy\" decoding=\"async\" width=\"2560\" height=\"1695\" src=\"https:\/\/www.lesgets.com\/app\/uploads\/2020\/09\/2017_06_30_Sunset_Mer_de_Nuages_Coureur_Mont_Chery_Automne_Lesgets_11-scaled.jpg\" alt=\"\" class=\"wp-image-19829\" srcset=\"https:\/\/www.lesgets.com\/wp\/..\/app\/uploads\/2020\/09\/2017_06_30_Sunset_Mer_de_Nuages_Coureur_Mont_Chery_Automne_Lesgets_11-scaled.jpg 2560w, https:\/\/www.lesgets.com\/wp\/..\/app\/uploads\/2020\/09\/2017_06_30_Sunset_Mer_de_Nuages_Coureur_Mont_Chery_Automne_Lesgets_11-768x509.jpg 768w, https:\/\/www.lesgets.com\/wp\/..\/app\/uploads\/2020\/09\/2017_06_30_Sunset_Mer_de_Nuages_Coureur_Mont_Chery_Automne_Lesgets_11-1536x1017.jpg 1536w, https:\/\/www.lesgets.com\/wp\/..\/app\/uploads\/2020\/09\/2017_06_30_Sunset_Mer_de_Nuages_Coureur_Mont_Chery_Automne_Lesgets_11-2048x1356.jpg 2048w, https:\/\/www.lesgets.com\/wp\/..\/app\/uploads\/2020\/09\/2017_06_30_Sunset_Mer_de_Nuages_Coureur_Mont_Chery_Automne_Lesgets_11-960x636.jpg 960w\" sizes=\"auto, (max-width: 2560px) 100vw, 2560px\" \/><\/figure>\n<\/div>\n<\/div><\/div>\n<\/div>\n\n<div class=\"block block-core-spacer\">\n<div style=\"height:30px\" aria-hidden=\"true\" class=\"wp-block-spacer\"><\/div>\n<\/div>\n\n<p>In an easy or sporty way, mountain hiking in autumn will delight all nature lovers! Go mushroom-picking, capture the contrasting landscapes in photos, scan the first snow-covered summits, take small or large strides on the wet paths\u2026<\/p>\n<p>In Les Gets, we offer several walks to stroll between fir trees and mountain pastures, with a breathtaking view of Mont Blanc or the Roc d\u2019Enfer. And for those who would like to prepare themselves physically before winter, there are also itineraries to warm up the thighs and get the cardio up.<\/p>\n\n<div class=\"block block-core-columns\">\n<div class=\"wp-block-columns is-layout-flex wp-container-core-columns-is-layout-9d6595d7 wp-block-columns-is-layout-flex\"><div class=\"block block-core-column\">\n<div class=\"wp-block-column is-layout-flow wp-block-column-is-layout-flow\"><div class=\"block block-core-button\">\n<div class=\"wp-block-button\"><a class=\"wp-block-button__link\" href=\"https:\/\/www.lesgets.com\/nl\/wat-is-er-te-doen\/zomeractiviteiten\/sporten\/wandeling\/zomerwandelpaden-lijst\/\">Hiking paths<\/a><\/div>\n<\/div><\/div>\n<\/div>\n\n<div class=\"block block-core-column\">\n<div class=\"wp-block-column is-layout-flow wp-block-column-is-layout-flow\"><div class=\"block block-core-button\">\n<div class=\"wp-block-button\"><a class=\"wp-block-button__link\" href=\"https:\/\/www.lesgets.com\/nl\/wat-is-er-te-doen\/zomeractiviteiten\/sporten\/trail-lopen\/\">Trail routes<\/a><\/div>\n<\/div><\/div>\n<\/div><\/div>\n<\/div>\n\n<div class=\"block block-core-spacer\">\n<div style=\"height:50px\" aria-hidden=\"true\" class=\"wp-block-spacer\"><\/div>\n<\/div>\n\n<div class=\"block block-genesis-custom-blocks-image-texte\">\r\n\t\t    <div class=\"container-fluid full-width image-gauche fond-blanc\">\r\n\t\t\t\t<div class=\"row\">\r\n\t\t\t\t\t<div class=\"col-lg-6\">\r\n\t\t\t\t\t\t<div class=\"image\" style=\"background-image:url('https:\/\/www.lesgets.com\/wp\/..\/app\/uploads\/2020\/08\/LesGets_champignons_Chanterelles_V.Ducrettet-2-960x1080.jpg');\"><\/div>\r\n\t\t\t\t\t<\/div>\r\n\t\t\t\t\t<div class=\"col-lg-6\">\r\n\t\t\t\t\t\t<div class=\"conteneur\">\r\n\t\t\t\t\t\t\t<span class=\"subtitle\">Let\u2019s walk in the woods\u2026<\/span>\r\n\t\t\t\t\t\t\t<h2>2 &#8211; Hunting for <strong> for mushrooms and chestnuts <\/strong> <\/h2>\r\n\t\t\t\t\t\t\t<div><p>This is by far our <strong>\u201cgood outing plan\u201d<\/strong> for the weekend while waiting for winter to show up\u2026 <\/p>\n<p> We put on a warm, waterproof coat, granny\u2019s scarf, a woollen cap,  walking shoes, with a wicker basket and a knife. You are now ready for  the autumn pickings !<\/p>\n<p> In this period, the humid conditions and lower temperatures favour  the development of mushrooms and chestnuts in the forests and  undergrowth. Enough to delight all our senses, from the delicate and  meticulous touch during picking to the awakening of our taste buds  during tasting.   <\/p>\n<\/div>\r\n                            \t\t\t\t\t\t\t    <a class=\"button hvr-outline-out\" href=\"https:\/\/www.lesgets.com\/en\/fauna-flora-mushrooms-go-on-a-treasure-hunt\/\">Fauna, flora &amp; mushrooms<\/a>\r\n                            \t\t\t\t\t\t<\/div>\r\n\t\t\t\t\t<\/div>\r\n\t\t\t\t<\/div>\r\n\t\t\t<\/div>\r\n\t\t\t<\/div>\n\n<div class=\"block block-genesis-custom-blocks-image-texte\">\r\n\t\t\t<div class=\"container-fluid full-width image-droite fond-blanc\">\r\n\t\t\t\t<div class=\"row\">\r\n\t\t\t\t\t<div class=\"col-lg-6\">\r\n\t\t\t\t\t\t<div class=\"conteneur\">\r\n\t\t\t\t\t\t\t<span class=\"subtitle\">Alta Lumina<\/span>\r\n\t\t\t\t\t\t\t<h2>3 &#8211; Embark on <strong> an enchanted journey <\/strong> into the heart of the forest<\/h2>\r\n\t\t\t\t\t\t\t<div><p>This is what the Alta Lumina experience in Les Gets offers you. <\/p>\n<p>At nightfall, follow in the footsteps of a music peddler and his hot  air balloon, and follow his incredible journey over the mountains. In  an enchanting and uniquely immersive environment, you enter a world of  wonder, where music can be seen and light can be heard.\u00a0<\/p>\n<p>\u27a1\ufe0f Alta Lumina is open every Friday and Saturday evening, and every day during the All Saints\u2019 Day holidays.  <\/p>\n<\/div>\r\n                                                            <a class=\"button hvr-outline-out\" href=\"https:\/\/www.lesgets.com\/nl\/wat-is-er-te-doen\/alta-lumina\/\">Info &amp; tickets<\/a>\r\n                            \t\t\t\t\t\t<\/div>\r\n\t\t\t\t\t<\/div>\r\n\t\t\t\t\t<div class=\"col-lg-6\">\r\n\t\t\t\t\t\t<div class=\"image\" style=\"background-image:url('https:\/\/www.lesgets.com\/wp\/..\/app\/uploads\/2020\/07\/AltaLumina_MomentFactory_7-960x1080.jpg');\"><\/div>\r\n\t\t\t\t\t<\/div>\r\n\t\t\t\t<\/div>\r\n\t\t\t<\/div>\r\n\t\t\t<\/div>\n\n<div class=\"block block-core-spacer\">\n<div style=\"height:40px\" aria-hidden=\"true\" class=\"wp-block-spacer\"><\/div>\n<\/div>\n\n<div class=\"block block-core-heading\">\n<h2 class=\"wp-block-heading\">4 &#8211; Visit local mountain farms<\/h2>\n<\/div>\n\n<div class=\"block block-core-spacer\">\n<div style=\"height:20px\" aria-hidden=\"true\" class=\"wp-block-spacer\"><\/div>\n<\/div>\n\n\n<figure class=\"wp-block-gallery columns-2 is-cropped wp-block-gallery-1 is-layout-flex wp-block-gallery-is-layout-flex\"><ul class=\"blocks-gallery-grid\"><li class=\"blocks-gallery-item\"><figure><img loading=\"lazy\" decoding=\"async\" width=\"1920\" height=\"1344\" src=\"https:\/\/www.lesgets.com\/app\/uploads\/2020\/09\/LesGets_Ferme_de_Caroline_1_RET_Yvan_TisseyreCCHC.jpg\" alt=\"\" data-id=\"19861\" data-full-url=\"https:\/\/www.lesgets.com\/app\/uploads\/2020\/09\/LesGets_Ferme_de_Caroline_1_RET_Yvan_TisseyreCCHC.jpg\" data-link=\"https:\/\/www.lesgets.com\/lesgets_ferme_de_caroline_1_ret_yvan_tisseyrecchc\/\" class=\"wp-image-19862\" srcset=\"https:\/\/www.lesgets.com\/wp\/..\/app\/uploads\/2020\/09\/LesGets_Ferme_de_Caroline_1_RET_Yvan_TisseyreCCHC.jpg 1920w, https:\/\/www.lesgets.com\/wp\/..\/app\/uploads\/2020\/09\/LesGets_Ferme_de_Caroline_1_RET_Yvan_TisseyreCCHC-768x538.jpg 768w, https:\/\/www.lesgets.com\/wp\/..\/app\/uploads\/2020\/09\/LesGets_Ferme_de_Caroline_1_RET_Yvan_TisseyreCCHC-1536x1075.jpg 1536w, https:\/\/www.lesgets.com\/wp\/..\/app\/uploads\/2020\/09\/LesGets_Ferme_de_Caroline_1_RET_Yvan_TisseyreCCHC-960x672.jpg 960w\" sizes=\"auto, (max-width: 1920px) 100vw, 1920px\" \/><\/figure><\/li><li class=\"blocks-gallery-item\"><figure><img loading=\"lazy\" decoding=\"async\" width=\"1920\" height=\"1280\" src=\"https:\/\/www.lesgets.com\/app\/uploads\/2020\/09\/LesGets_chevrerie_des_felires_LTVPROD_DSC2427.jpg\" alt=\"\" data-id=\"19858\" data-full-url=\"https:\/\/www.lesgets.com\/app\/uploads\/2020\/09\/LesGets_chevrerie_des_felires_LTVPROD_DSC2427.jpg\" data-link=\"https:\/\/www.lesgets.com\/lesgets_chevrerie_des_felires_ltvprod_dsc2427\/\" class=\"wp-image-19859\" srcset=\"https:\/\/www.lesgets.com\/wp\/..\/app\/uploads\/2020\/09\/LesGets_chevrerie_des_felires_LTVPROD_DSC2427.jpg 1920w, https:\/\/www.lesgets.com\/wp\/..\/app\/uploads\/2020\/09\/LesGets_chevrerie_des_felires_LTVPROD_DSC2427-768x512.jpg 768w, https:\/\/www.lesgets.com\/wp\/..\/app\/uploads\/2020\/09\/LesGets_chevrerie_des_felires_LTVPROD_DSC2427-1536x1024.jpg 1536w, https:\/\/www.lesgets.com\/wp\/..\/app\/uploads\/2020\/09\/LesGets_chevrerie_des_felires_LTVPROD_DSC2427-600x400.jpg 600w, https:\/\/www.lesgets.com\/wp\/..\/app\/uploads\/2020\/09\/LesGets_chevrerie_des_felires_LTVPROD_DSC2427-960x640.jpg 960w\" sizes=\"auto, (max-width: 1920px) 100vw, 1920px\" \/><\/figure><\/li><\/ul><\/figure>\n\n\n<div class=\"block block-core-spacer\">\n<div style=\"height:20px\" aria-hidden=\"true\" class=\"wp-block-spacer\"><\/div>\n<\/div>\n\n<p>The alpine farms are still accessible on foot in autumn, so take advantage of it! Les Gets has a well-kept living treasure: its Tarines, Abondances and Montb\u00e9liardes cows and numerous herds of goats and sheep.<\/p>\n<p>We invite you to go and meet the local farmers who produce their own milk and process it into cheese.<\/p>\n\n<div class=\"block block-core-button\">\n<div class=\"wp-block-button\"><a class=\"wp-block-button__link\" href=\"https:\/\/www.lesgets.com\/nl\/praktische-informatie\/winkels-en-diensten\/lokale-boerderijen\/\" target=\"_blank\" rel=\"noreferrer noopener\">Let&#8217;s meet local producers<\/a><\/div>\n<\/div>\n\n<div class=\"block block-core-spacer\">\n<div style=\"height:50px\" aria-hidden=\"true\" class=\"wp-block-spacer\"><\/div>\n<\/div>\n\n<div class=\"block block-genesis-custom-blocks-image-texte\">\r\n\t\t    <div class=\"container-fluid full-width image-gauche fond-blanc\">\r\n\t\t\t\t<div class=\"row\">\r\n\t\t\t\t\t<div class=\"col-lg-6\">\r\n\t\t\t\t\t\t<div class=\"image\" style=\"background-image:url('https:\/\/www.lesgets.com\/wp\/..\/app\/uploads\/2020\/08\/2016-10-31_Spectacle_Halloween_LesGets_V.Ducrettet-12-960x1080.jpg');\"><\/div>\r\n\t\t\t\t\t<\/div>\r\n\t\t\t\t\t<div class=\"col-lg-6\">\r\n\t\t\t\t\t\t<div class=\"conteneur\">\r\n\t\t\t\t\t\t\t<span class=\"subtitle\">All Saints\u2019 Day holiday <\/span>\r\n\t\t\t\t\t\t\t<h2>5 &#8211; Enjoy magical moments <strong> with your family <\/strong><\/h2>\r\n\t\t\t\t\t\t\t<div><p>Apprentice wizards, young Dracula and other little monsters, your children will be the kings of Halloween during the All Saints\u2019 Day  holiday in Les Gets. <\/p>\n<p>Our entertainment team will put together a hell of a programme for  you during the holidays: making Halloween decorations, magic wands,  candy buckets, magic shows and a disguised parade through the streets of  Les Gets.  <\/p>\n<\/div>\r\n                            \t\t\t\t\t\t\t    <a class=\"button hvr-outline-out\" href=\"https:\/\/www.lesgets.com\/en\/temps_fort\/les-vacances-de-toussaint-aux-gets\/\">Learn more<\/a>\r\n                            \t\t\t\t\t\t<\/div>\r\n\t\t\t\t\t<\/div>\r\n\t\t\t\t<\/div>\r\n\t\t\t<\/div>\r\n\t\t\t<\/div>\n\n<div class=\"block block-core-spacer\">\n<div style=\"height:50px\" aria-hidden=\"true\" class=\"wp-block-spacer\"><\/div>\n<\/div>\n\n<div class=\"block block-core-heading\">\n<h2 class=\"wp-block-heading\"><strong>Always more tips &amp; tricks<\/strong><\/h2>\n<\/div>\n\n<div class=\"block block-core-html\">\n<link href=\"\/\/cdn-images.mailchimp.com\/embedcode\/horizontal-slim-10_7.css\" rel=\"stylesheet\" type=\"text\/css\">\n<style type=\"text\/css\">\n\t#mc_embed_signup{background:#0c3b49; color:#fff; clear:left; font:14px Helvetica,Arial,sans-serif; height:100px; width:100%;}\n\t\/* Add your own Mailchimp form style overrides in your site stylesheet or in this style block.\n\t   We recommend moving this block and the preceding CSS link to the HEAD of your HTML file. *\/\n<\/style>\n<style type=\"text\/css\">\n\t#mc-embedded-subscribe-form input[type=checkbox]{display: inline; width: auto;margin-right: 10px;}\n\t#mergeRow-gdpr {margin-top: 20px;}\n\t#mergeRow-gdpr fieldset label {font-weight: normal;}\n\t#mc-embedded-subscribe-form .mc_fieldset{border:none;min-height: 0px;padding-bottom:0px;}\n<\/style>\n<div id=\"mc_embed_signup\">\n<form action=\"https:\/\/lesgets.us4.list-manage.com\/subscribe\/post?u=12e7a30d4f79f101b60381188&amp;id=bef42d73e3\" method=\"post\" id=\"mc-embedded-subscribe-form\" name=\"mc-embedded-subscribe-form\" class=\"validate\" target=\"_blank\" novalidate=\"\">\n    <div id=\"mc_embed_signup_scroll\">\n\t<label for=\"mce-EMAIL\">Get monthly articles and tips from Les Gets. Sign up for our email alerts !<\/label>\n\t<input type=\"email\" value=\"\" name=\"EMAIL\" class=\"email\" id=\"mce-EMAIL\" placeholder=\"Email address\" required=\"\">\n    <!-- real people should not fill this in and expect good things - do not remove this or risk form bot signups-->\n    <div style=\"position: absolute; left: -5000px;\" aria-hidden=\"true\"><input type=\"text\" name=\"b_12e7a30d4f79f101b60381188_bef42d73e3\" tabindex=\"-1\" value=\"\"><\/div>\n    <div class=\"clear\"><input type=\"submit\" value=\"I sign up !\" name=\"subscribe\" id=\"mc-embedded-subscribe\" class=\"button\"><\/div>\n    <\/div>\n<\/form>\n<\/div>\n\n<\/div>\n\n<div class=\"block block-core-spacer\">\n<div style=\"height:100px\" aria-hidden=\"true\" class=\"wp-block-spacer\"><\/div>\n<\/div>","protected":false},"excerpt":{"rendered":"<p>Autumn is an ideal season to discover the quiet mountains in a new light. Here are 5 good reasons to come to Les Gets this autumn <\/p>\n","protected":false},"author":4,"featured_media":19875,"comment_status":"closed","ping_status":"open","sticky":false,"template":"","format":"standard","meta":{"_acf_changed":false,"footnotes":""},"categories":[145],"tags":[],"class_list":["post-20044","post","type-post","status-publish","format-standard","has-post-thumbnail","hentry","category-bons-plans-nl"],"acf":[],"yoast_head":"<!-- This site is optimized with the Yoast SEO plugin v27.3 - https:\/\/yoast.com\/product\/yoast-seo-wordpress\/ -->\n<title>5 good reasons to head to the mountains this autumn - Blog - Les Gets<\/title>\n<meta name=\"description\" content=\"Autumn is an ideal season to discover the quiet mountains in a new light. 5 good reasons to head to the mountains this autumn\" \/>\n<meta name=\"robots\" content=\"index, follow, max-snippet:-1, max-image-preview:large, max-video-preview:-1\" \/>\n<link rel=\"canonical\" href=\"https:\/\/www.lesgets.com\/nl\/blog\/5-good-reasons-to-head-to-the-mountains-this-autumn\/\" \/>\n<meta property=\"og:locale\" content=\"nl_NL\" \/>\n<meta property=\"og:type\" content=\"article\" \/>\n<meta property=\"og:title\" content=\"5 good reasons to head to the mountains this autumn - Blog - Les Gets\" \/>\n<meta property=\"og:description\" content=\"Autumn is an ideal season to discover the quiet mountains in a new light. 5 good reasons to head to the mountains this autumn\" \/>\n<meta property=\"og:url\" content=\"https:\/\/www.lesgets.com\/nl\/blog\/5-good-reasons-to-head-to-the-mountains-this-autumn\/\" \/>\n<meta property=\"og:site_name\" content=\"Les Gets\" \/>\n<meta property=\"article:published_time\" content=\"2020-09-25T12:08:09+00:00\" \/>\n<meta property=\"article:modified_time\" content=\"2021-08-31T07:42:53+00:00\" \/>\n<meta property=\"og:image\" content=\"https:\/\/www.lesgets.com\/wp\/..\/app\/uploads\/2020\/09\/2018_10_19_Panorama_Village_Folliets_Automne_Lesgets_Valentinducrettet_1-scaled.jpg\" \/>\n\t<meta property=\"og:image:width\" content=\"2560\" \/>\n\t<meta property=\"og:image:height\" content=\"1710\" \/>\n\t<meta property=\"og:image:type\" content=\"image\/jpeg\" \/>\n<meta name=\"author\" content=\"sarah\" \/>\n<meta name=\"twitter:card\" content=\"summary_large_image\" \/>\n<meta name=\"twitter:label1\" content=\"Written by\" \/>\n\t<meta name=\"twitter:data1\" content=\"sarah\" \/>\n\t<meta name=\"twitter:label2\" content=\"Est. reading time\" \/>\n\t<meta name=\"twitter:data2\" content=\"1 minute\" \/>\n<script type=\"application\/ld+json\" class=\"yoast-schema-graph\">{\"@context\":\"https:\\\/\\\/schema.org\",\"@graph\":[{\"@type\":\"Article\",\"@id\":\"https:\\\/\\\/www.lesgets.com\\\/nl\\\/blog\\\/5-good-reasons-to-head-to-the-mountains-this-autumn\\\/#article\",\"isPartOf\":{\"@id\":\"https:\\\/\\\/www.lesgets.com\\\/nl\\\/blog\\\/5-good-reasons-to-head-to-the-mountains-this-autumn\\\/\"},\"author\":{\"name\":\"sarah\",\"@id\":\"https:\\\/\\\/www.lesgets.com\\\/en\\\/#\\\/schema\\\/person\\\/01e8d23bf82e05b992d28a7e48bfb3bc\"},\"headline\":\"5 good reasons to head to the mountains this autumn\",\"datePublished\":\"2020-09-25T12:08:09+00:00\",\"dateModified\":\"2021-08-31T07:42:53+00:00\",\"mainEntityOfPage\":{\"@id\":\"https:\\\/\\\/www.lesgets.com\\\/nl\\\/blog\\\/5-good-reasons-to-head-to-the-mountains-this-autumn\\\/\"},\"wordCount\":265,\"publisher\":{\"@id\":\"https:\\\/\\\/www.lesgets.com\\\/en\\\/#organization\"},\"image\":{\"@id\":\"https:\\\/\\\/www.lesgets.com\\\/nl\\\/blog\\\/5-good-reasons-to-head-to-the-mountains-this-autumn\\\/#primaryimage\"},\"thumbnailUrl\":\"https:\\\/\\\/www.lesgets.com\\\/wp\\\/..\\\/app\\\/uploads\\\/2020\\\/09\\\/2018_10_19_Panorama_Village_Folliets_Automne_Lesgets_Valentinducrettet_1-scaled.jpg\",\"articleSection\":[\"Good plans\"],\"inLanguage\":\"nl-NL\"},{\"@type\":\"WebPage\",\"@id\":\"https:\\\/\\\/www.lesgets.com\\\/nl\\\/blog\\\/5-good-reasons-to-head-to-the-mountains-this-autumn\\\/\",\"url\":\"https:\\\/\\\/www.lesgets.com\\\/nl\\\/blog\\\/5-good-reasons-to-head-to-the-mountains-this-autumn\\\/\",\"name\":\"5 good reasons to head to the mountains this autumn - Blog - Les Gets\",\"isPartOf\":{\"@id\":\"https:\\\/\\\/www.lesgets.com\\\/en\\\/#website\"},\"primaryImageOfPage\":{\"@id\":\"https:\\\/\\\/www.lesgets.com\\\/nl\\\/blog\\\/5-good-reasons-to-head-to-the-mountains-this-autumn\\\/#primaryimage\"},\"image\":{\"@id\":\"https:\\\/\\\/www.lesgets.com\\\/nl\\\/blog\\\/5-good-reasons-to-head-to-the-mountains-this-autumn\\\/#primaryimage\"},\"thumbnailUrl\":\"https:\\\/\\\/www.lesgets.com\\\/wp\\\/..\\\/app\\\/uploads\\\/2020\\\/09\\\/2018_10_19_Panorama_Village_Folliets_Automne_Lesgets_Valentinducrettet_1-scaled.jpg\",\"datePublished\":\"2020-09-25T12:08:09+00:00\",\"dateModified\":\"2021-08-31T07:42:53+00:00\",\"description\":\"Autumn is an ideal season to discover the quiet mountains in a new light. 5 good reasons to head to the mountains this autumn\",\"breadcrumb\":{\"@id\":\"https:\\\/\\\/www.lesgets.com\\\/nl\\\/blog\\\/5-good-reasons-to-head-to-the-mountains-this-autumn\\\/#breadcrumb\"},\"inLanguage\":\"nl-NL\",\"potentialAction\":[{\"@type\":\"ReadAction\",\"target\":[\"https:\\\/\\\/www.lesgets.com\\\/nl\\\/blog\\\/5-good-reasons-to-head-to-the-mountains-this-autumn\\\/\"]}]},{\"@type\":\"ImageObject\",\"inLanguage\":\"nl-NL\",\"@id\":\"https:\\\/\\\/www.lesgets.com\\\/nl\\\/blog\\\/5-good-reasons-to-head-to-the-mountains-this-autumn\\\/#primaryimage\",\"url\":\"https:\\\/\\\/www.lesgets.com\\\/wp\\\/..\\\/app\\\/uploads\\\/2020\\\/09\\\/2018_10_19_Panorama_Village_Folliets_Automne_Lesgets_Valentinducrettet_1-scaled.jpg\",\"contentUrl\":\"https:\\\/\\\/www.lesgets.com\\\/wp\\\/..\\\/app\\\/uploads\\\/2020\\\/09\\\/2018_10_19_Panorama_Village_Folliets_Automne_Lesgets_Valentinducrettet_1-scaled.jpg\",\"width\":2560,\"height\":1710},{\"@type\":\"BreadcrumbList\",\"@id\":\"https:\\\/\\\/www.lesgets.com\\\/nl\\\/blog\\\/5-good-reasons-to-head-to-the-mountains-this-autumn\\\/#breadcrumb\",\"itemListElement\":[{\"@type\":\"ListItem\",\"position\":1,\"name\":\"Accueil\",\"item\":\"https:\\\/\\\/www.lesgets.com\\\/nl\\\/\"},{\"@type\":\"ListItem\",\"position\":2,\"name\":\"Bons plans\",\"item\":\"https:\\\/\\\/www.lesgets.com\\\/blogs\\\/bons-plans\\\/\"},{\"@type\":\"ListItem\",\"position\":3,\"name\":\"5 good reasons to head to the mountains this autumn\"}]},{\"@type\":\"WebSite\",\"@id\":\"https:\\\/\\\/www.lesgets.com\\\/en\\\/#website\",\"url\":\"https:\\\/\\\/www.lesgets.com\\\/en\\\/\",\"name\":\"Les Gets\",\"description\":\"\",\"publisher\":{\"@id\":\"https:\\\/\\\/www.lesgets.com\\\/en\\\/#organization\"},\"potentialAction\":[{\"@type\":\"SearchAction\",\"target\":{\"@type\":\"EntryPoint\",\"urlTemplate\":\"https:\\\/\\\/www.lesgets.com\\\/en\\\/?s={search_term_string}\"},\"query-input\":{\"@type\":\"PropertyValueSpecification\",\"valueRequired\":true,\"valueName\":\"search_term_string\"}}],\"inLanguage\":\"nl-NL\"},{\"@type\":\"Organization\",\"@id\":\"https:\\\/\\\/www.lesgets.com\\\/en\\\/#organization\",\"name\":\"Les Gets\",\"url\":\"https:\\\/\\\/www.lesgets.com\\\/en\\\/\",\"logo\":{\"@type\":\"ImageObject\",\"inLanguage\":\"nl-NL\",\"@id\":\"https:\\\/\\\/www.lesgets.com\\\/en\\\/#\\\/schema\\\/logo\\\/image\\\/\",\"url\":\"https:\\\/\\\/www.lesgets.com\\\/wp\\\/..\\\/app\\\/uploads\\\/2020\\\/06\\\/logo_lesgets.png\",\"contentUrl\":\"https:\\\/\\\/www.lesgets.com\\\/wp\\\/..\\\/app\\\/uploads\\\/2020\\\/06\\\/logo_lesgets.png\",\"width\":136,\"height\":115,\"caption\":\"Les Gets\"},\"image\":{\"@id\":\"https:\\\/\\\/www.lesgets.com\\\/en\\\/#\\\/schema\\\/logo\\\/image\\\/\"}},{\"@type\":\"Person\",\"@id\":\"https:\\\/\\\/www.lesgets.com\\\/en\\\/#\\\/schema\\\/person\\\/01e8d23bf82e05b992d28a7e48bfb3bc\",\"name\":\"sarah\",\"image\":{\"@type\":\"ImageObject\",\"inLanguage\":\"nl-NL\",\"@id\":\"https:\\\/\\\/secure.gravatar.com\\\/avatar\\\/b5e5f6ba7b0d9d7286a1b766f4fa5cd5f1a9d8a0a079228036a9832627092259?s=96&d=mm&r=g\",\"url\":\"https:\\\/\\\/secure.gravatar.com\\\/avatar\\\/b5e5f6ba7b0d9d7286a1b766f4fa5cd5f1a9d8a0a079228036a9832627092259?s=96&d=mm&r=g\",\"contentUrl\":\"https:\\\/\\\/secure.gravatar.com\\\/avatar\\\/b5e5f6ba7b0d9d7286a1b766f4fa5cd5f1a9d8a0a079228036a9832627092259?s=96&d=mm&r=g\",\"caption\":\"sarah\"},\"url\":\"https:\\\/\\\/www.lesgets.com\\\/nl\\\/blog\\\/author\\\/sarah\\\/\"}]}<\/script>\n<!-- \/ Yoast SEO plugin. -->","yoast_head_json":{"title":"5 good reasons to head to the mountains this autumn - Blog - Les Gets","description":"Autumn is an ideal season to discover the quiet mountains in a new light. 5 good reasons to head to the mountains this autumn","robots":{"index":"index","follow":"follow","max-snippet":"max-snippet:-1","max-image-preview":"max-image-preview:large","max-video-preview":"max-video-preview:-1"},"canonical":"https:\/\/www.lesgets.com\/nl\/blog\/5-good-reasons-to-head-to-the-mountains-this-autumn\/","og_locale":"nl_NL","og_type":"article","og_title":"5 good reasons to head to the mountains this autumn - Blog - Les Gets","og_description":"Autumn is an ideal season to discover the quiet mountains in a new light. 5 good reasons to head to the mountains this autumn","og_url":"https:\/\/www.lesgets.com\/nl\/blog\/5-good-reasons-to-head-to-the-mountains-this-autumn\/","og_site_name":"Les Gets","article_published_time":"2020-09-25T12:08:09+00:00","article_modified_time":"2021-08-31T07:42:53+00:00","og_image":[{"width":2560,"height":1710,"url":"https:\/\/www.lesgets.com\/wp\/..\/app\/uploads\/2020\/09\/2018_10_19_Panorama_Village_Folliets_Automne_Lesgets_Valentinducrettet_1-scaled.jpg","type":"image\/jpeg"}],"author":"sarah","twitter_card":"summary_large_image","twitter_misc":{"Written by":"sarah","Est. reading time":"1 minute"},"schema":{"@context":"https:\/\/schema.org","@graph":[{"@type":"Article","@id":"https:\/\/www.lesgets.com\/nl\/blog\/5-good-reasons-to-head-to-the-mountains-this-autumn\/#article","isPartOf":{"@id":"https:\/\/www.lesgets.com\/nl\/blog\/5-good-reasons-to-head-to-the-mountains-this-autumn\/"},"author":{"name":"sarah","@id":"https:\/\/www.lesgets.com\/en\/#\/schema\/person\/01e8d23bf82e05b992d28a7e48bfb3bc"},"headline":"5 good reasons to head to the mountains this autumn","datePublished":"2020-09-25T12:08:09+00:00","dateModified":"2021-08-31T07:42:53+00:00","mainEntityOfPage":{"@id":"https:\/\/www.lesgets.com\/nl\/blog\/5-good-reasons-to-head-to-the-mountains-this-autumn\/"},"wordCount":265,"publisher":{"@id":"https:\/\/www.lesgets.com\/en\/#organization"},"image":{"@id":"https:\/\/www.lesgets.com\/nl\/blog\/5-good-reasons-to-head-to-the-mountains-this-autumn\/#primaryimage"},"thumbnailUrl":"https:\/\/www.lesgets.com\/wp\/..\/app\/uploads\/2020\/09\/2018_10_19_Panorama_Village_Folliets_Automne_Lesgets_Valentinducrettet_1-scaled.jpg","articleSection":["Good plans"],"inLanguage":"nl-NL"},{"@type":"WebPage","@id":"https:\/\/www.lesgets.com\/nl\/blog\/5-good-reasons-to-head-to-the-mountains-this-autumn\/","url":"https:\/\/www.lesgets.com\/nl\/blog\/5-good-reasons-to-head-to-the-mountains-this-autumn\/","name":"5 good reasons to head to the mountains this autumn - Blog - Les Gets","isPartOf":{"@id":"https:\/\/www.lesgets.com\/en\/#website"},"primaryImageOfPage":{"@id":"https:\/\/www.lesgets.com\/nl\/blog\/5-good-reasons-to-head-to-the-mountains-this-autumn\/#primaryimage"},"image":{"@id":"https:\/\/www.lesgets.com\/nl\/blog\/5-good-reasons-to-head-to-the-mountains-this-autumn\/#primaryimage"},"thumbnailUrl":"https:\/\/www.lesgets.com\/wp\/..\/app\/uploads\/2020\/09\/2018_10_19_Panorama_Village_Folliets_Automne_Lesgets_Valentinducrettet_1-scaled.jpg","datePublished":"2020-09-25T12:08:09+00:00","dateModified":"2021-08-31T07:42:53+00:00","description":"Autumn is an ideal season to discover the quiet mountains in a new light. 5 good reasons to head to the mountains this autumn","breadcrumb":{"@id":"https:\/\/www.lesgets.com\/nl\/blog\/5-good-reasons-to-head-to-the-mountains-this-autumn\/#breadcrumb"},"inLanguage":"nl-NL","potentialAction":[{"@type":"ReadAction","target":["https:\/\/www.lesgets.com\/nl\/blog\/5-good-reasons-to-head-to-the-mountains-this-autumn\/"]}]},{"@type":"ImageObject","inLanguage":"nl-NL","@id":"https:\/\/www.lesgets.com\/nl\/blog\/5-good-reasons-to-head-to-the-mountains-this-autumn\/#primaryimage","url":"https:\/\/www.lesgets.com\/wp\/..\/app\/uploads\/2020\/09\/2018_10_19_Panorama_Village_Folliets_Automne_Lesgets_Valentinducrettet_1-scaled.jpg","contentUrl":"https:\/\/www.lesgets.com\/wp\/..\/app\/uploads\/2020\/09\/2018_10_19_Panorama_Village_Folliets_Automne_Lesgets_Valentinducrettet_1-scaled.jpg","width":2560,"height":1710},{"@type":"BreadcrumbList","@id":"https:\/\/www.lesgets.com\/nl\/blog\/5-good-reasons-to-head-to-the-mountains-this-autumn\/#breadcrumb","itemListElement":[{"@type":"ListItem","position":1,"name":"Accueil","item":"https:\/\/www.lesgets.com\/nl\/"},{"@type":"ListItem","position":2,"name":"Bons plans","item":"https:\/\/www.lesgets.com\/blogs\/bons-plans\/"},{"@type":"ListItem","position":3,"name":"5 good reasons to head to the mountains this autumn"}]},{"@type":"WebSite","@id":"https:\/\/www.lesgets.com\/en\/#website","url":"https:\/\/www.lesgets.com\/en\/","name":"Les Gets","description":"","publisher":{"@id":"https:\/\/www.lesgets.com\/en\/#organization"},"potentialAction":[{"@type":"SearchAction","target":{"@type":"EntryPoint","urlTemplate":"https:\/\/www.lesgets.com\/en\/?s={search_term_string}"},"query-input":{"@type":"PropertyValueSpecification","valueRequired":true,"valueName":"search_term_string"}}],"inLanguage":"nl-NL"},{"@type":"Organization","@id":"https:\/\/www.lesgets.com\/en\/#organization","name":"Les Gets","url":"https:\/\/www.lesgets.com\/en\/","logo":{"@type":"ImageObject","inLanguage":"nl-NL","@id":"https:\/\/www.lesgets.com\/en\/#\/schema\/logo\/image\/","url":"https:\/\/www.lesgets.com\/wp\/..\/app\/uploads\/2020\/06\/logo_lesgets.png","contentUrl":"https:\/\/www.lesgets.com\/wp\/..\/app\/uploads\/2020\/06\/logo_lesgets.png","width":136,"height":115,"caption":"Les Gets"},"image":{"@id":"https:\/\/www.lesgets.com\/en\/#\/schema\/logo\/image\/"}},{"@type":"Person","@id":"https:\/\/www.lesgets.com\/en\/#\/schema\/person\/01e8d23bf82e05b992d28a7e48bfb3bc","name":"sarah","image":{"@type":"ImageObject","inLanguage":"nl-NL","@id":"https:\/\/secure.gravatar.com\/avatar\/b5e5f6ba7b0d9d7286a1b766f4fa5cd5f1a9d8a0a079228036a9832627092259?s=96&d=mm&r=g","url":"https:\/\/secure.gravatar.com\/avatar\/b5e5f6ba7b0d9d7286a1b766f4fa5cd5f1a9d8a0a079228036a9832627092259?s=96&d=mm&r=g","contentUrl":"https:\/\/secure.gravatar.com\/avatar\/b5e5f6ba7b0d9d7286a1b766f4fa5cd5f1a9d8a0a079228036a9832627092259?s=96&d=mm&r=g","caption":"sarah"},"url":"https:\/\/www.lesgets.com\/nl\/blog\/author\/sarah\/"}]}},"featured_image_src":"https:\/\/www.lesgets.com\/wp\/..\/app\/uploads\/2020\/09\/2018_10_19_Panorama_Village_Folliets_Automne_Lesgets_Valentinducrettet_1-600x400.jpg","featured_image_src_square":"https:\/\/www.lesgets.com\/wp\/..\/app\/uploads\/2020\/09\/2018_10_19_Panorama_Village_Folliets_Automne_Lesgets_Valentinducrettet_1-600x600.jpg","author_info":{"display_name":"sarah","author_link":"https:\/\/www.lesgets.com\/nl\/blog\/author\/sarah\/"},"amp_enabled":true,"_links":{"self":[{"href":"https:\/\/www.lesgets.com\/nl\/wp-json\/wp\/v2\/posts\/20044","targetHints":{"allow":["GET"]}}],"collection":[{"href":"https:\/\/www.lesgets.com\/nl\/wp-json\/wp\/v2\/posts"}],"about":[{"href":"https:\/\/www.lesgets.com\/nl\/wp-json\/wp\/v2\/types\/post"}],"author":[{"embeddable":true,"href":"https:\/\/www.lesgets.com\/nl\/wp-json\/wp\/v2\/users\/4"}],"replies":[{"embeddable":true,"href":"https:\/\/www.lesgets.com\/nl\/wp-json\/wp\/v2\/comments?post=20044"}],"version-history":[{"count":5,"href":"https:\/\/www.lesgets.com\/nl\/wp-json\/wp\/v2\/posts\/20044\/revisions"}],"predecessor-version":[{"id":31800,"href":"https:\/\/www.lesgets.com\/nl\/wp-json\/wp\/v2\/posts\/20044\/revisions\/31800"}],"wp:featuredmedia":[{"embeddable":true,"href":"https:\/\/www.lesgets.com\/nl\/wp-json\/wp\/v2\/media\/19875"}],"wp:attachment":[{"href":"https:\/\/www.lesgets.com\/nl\/wp-json\/wp\/v2\/media?parent=20044"}],"wp:term":[{"taxonomy":"category","embeddable":true,"href":"https:\/\/www.lesgets.com\/nl\/wp-json\/wp\/v2\/categories?post=20044"},{"taxonomy":"post_tag","embeddable":true,"href":"https:\/\/www.lesgets.com\/nl\/wp-json\/wp\/v2\/tags?post=20044"}],"curies":[{"name":"wp","href":"https:\/\/api.w.org\/{rel}","templated":true}]}}